{"id":7019,"date":"2023-12-24T16:36:29","date_gmt":"2023-12-24T15:36:29","guid":{"rendered":"https:\/\/new.ff-woergl.at\/?p=7019"},"modified":"2024-03-04T21:06:12","modified_gmt":"2024-03-04T20:06:12","slug":"aktion-friedenslicht-2023","status":"publish","type":"post","link":"https:\/\/ff-woergl.at\/index.php\/2023\/12\/24\/aktion-friedenslicht-2023\/","title":{"rendered":"Aktion Friedenslicht 2023"},"content":{"rendered":"\t\t<div data-elementor-type=\"wp-post\" data-elementor-id=\"7019\" class=\"elementor elementor-7019\" data-elementor-post-type=\"post\">\n\t\t\t\t\t\t<section class=\"elementor-section elementor-top-section elementor-element elementor-element-79cb3cf4 elementor-section-boxed elementor-section-height-default elementor-section-height-default\" data-id=\"79cb3cf4\" data-element_type=\"section\">\n\t\t\t\t\t\t<div class=\"elementor-container elementor-column-gap-default\">\n\t\t\t\t\t<div class=\"elementor-column elementor-col-100 elementor-top-column elementor-element elementor-element-435281dc\" data-id=\"435281dc\" data-element_type=\"column\">\n\t\t\t<div class=\"elementor-widget-wrap elementor-element-populated\">\n\t\t\t\t\t\t<div class=\"elementor-element elementor-element-19b65bae elementor-widget elementor-widget-heading\" data-id=\"19b65bae\" data-element_type=\"widget\" data-widget_type=\"heading.default\">\n\t\t\t\t<div class=\"elementor-widget-container\">\n\t\t\t<h1 class=\"elementor-heading-title elementor-size-default\">Aktion friedenslicht 2023<\/h1>\t\t<\/div>\n\t\t\t\t<\/div>\n\t\t\t\t<div class=\"elementor-element elementor-element-688d1aa9 elementor-widget-divider--view-line elementor-widget elementor-widget-divider\" data-id=\"688d1aa9\" data-element_type=\"widget\" data-widget_type=\"divider.default\">\n\t\t\t\t<div class=\"elementor-widget-container\">\n\t\t\t\t\t<div class=\"elementor-divider\">\n\t\t\t<span class=\"elementor-divider-separator\">\n\t\t\t\t\t\t<\/span>\n\t\t<\/div>\n\t\t\t\t<\/div>\n\t\t\t\t<\/div>\n\t\t\t\t\t<\/div>\n\t\t<\/div>\n\t\t\t\t\t<\/div>\n\t\t<\/section>\n\t\t\t\t<section class=\"elementor-section elementor-top-section elementor-element elementor-element-5ebb8140 elementor-section-boxed elementor-section-height-default elementor-section-height-default\" data-id=\"5ebb8140\" data-element_type=\"section\">\n\t\t\t\t\t\t<div class=\"elementor-container elementor-column-gap-default\">\n\t\t\t\t\t<div class=\"elementor-column elementor-col-100 elementor-top-column elementor-element elementor-element-181c37bb\" data-id=\"181c37bb\" data-element_type=\"column\">\n\t\t\t<div class=\"elementor-widget-wrap elementor-element-populated\">\n\t\t\t\t\t\t<div class=\"elementor-element elementor-element-f31446a elementor-widget elementor-widget-image\" data-id=\"f31446a\" data-element_type=\"widget\" data-widget_type=\"image.default\">\n\t\t\t\t<div class=\"elementor-widget-container\">\n\t\t\t\t\t\t\t\t\t\t\t\t\t\t<a href=\"https:\/\/new.ff-woergl.at\/wp-content\/uploads\/2024\/01\/P_FF1733-scaled.jpg\" data-elementor-open-lightbox=\"yes\" data-elementor-lightbox-title=\"P_FF1733\" data-e-action-hash=\"#elementor-action%3Aaction%3Dlightbox%26settings%3DeyJpZCI6NzAyNSwidXJsIjoiaHR0cHM6XC9cL2ZmLXdvZXJnbC5hdFwvd3AtY29udGVudFwvdXBsb2Fkc1wvMjAyNFwvMDFcL1BfRkYxNzMzLXNjYWxlZC5qcGcifQ%3D%3D\">\n\t\t\t\t\t\t\t<img fetchpriority=\"high\" decoding=\"async\" width=\"1024\" height=\"683\" src=\"https:\/\/ff-woergl.at\/wp-content\/uploads\/2024\/01\/P_FF1733-1024x683.jpg\" class=\"attachment-large size-large wp-image-7025\" alt=\"\" srcset=\"https:\/\/ff-woergl.at\/wp-content\/uploads\/2024\/01\/P_FF1733-1024x683.jpg 1024w, https:\/\/ff-woergl.at\/wp-content\/uploads\/2024\/01\/P_FF1733-300x200.jpg 300w, https:\/\/ff-woergl.at\/wp-content\/uploads\/2024\/01\/P_FF1733-768x512.jpg 768w, https:\/\/ff-woergl.at\/wp-content\/uploads\/2024\/01\/P_FF1733-1536x1024.jpg 1536w, https:\/\/ff-woergl.at\/wp-content\/uploads\/2024\/01\/P_FF1733-2048x1365.jpg 2048w, https:\/\/ff-woergl.at\/wp-content\/uploads\/2024\/01\/P_FF1733-720x480.jpg 720w\" sizes=\"(max-width: 1024px) 100vw, 1024px\" \/>\t\t\t\t\t\t\t\t<\/a>\n\t\t\t\t\t\t\t\t\t\t\t\t\t<\/div>\n\t\t\t\t<\/div>\n\t\t\t\t<div class=\"elementor-element elementor-element-4c4d8d40 elementor-widget elementor-widget-text-editor\" data-id=\"4c4d8d40\" data-element_type=\"widget\" data-widget_type=\"text-editor.default\">\n\t\t\t\t<div class=\"elementor-widget-container\">\n\t\t\t\t\t\t\t<p>Am 24.12.2023 fand im Ger\u00e4tehaus der Feuerwehr W\u00f6rgl wieder die allj\u00e4hrliche Aktion Friedenslicht statt. Schon in aller Fr\u00fch begab sich die Jungfeuerwehr auf dem Weg zum W\u00f6rgler Bahnhof, um dort das Licht aus Bethlehem abzuholen.<\/p><p>Ab 09:00 Uhr konnte dann die Bev\u00f6lkerung, darunter zahlreiche Familien der Kameradinnen und Kameraden, das Friedenslicht im Feuerwehrhaus abholen. Die Feuerwehrjugend organisierte zudem Kinderpunsch, Gl\u00fchwein und Aufstrichbr\u00f6tchen.<\/p><p>Die Feuerwehr W\u00f6rgl bedankt sich f\u00fcr die vielen freiwilligen Spenden!<\/p><p>\u00a0<\/p>\t\t\t\t\t\t<\/div>\n\t\t\t\t<\/div>\n\t\t\t\t\t<\/div>\n\t\t<\/div>\n\t\t\t\t\t<\/div>\n\t\t<\/section>\n\t\t\t\t<section class=\"elementor-section elementor-top-section elementor-element elementor-element-4b30ece6 elementor-section-boxed elementor-section-height-default elementor-section-height-default\" data-id=\"4b30ece6\" data-element_type=\"section\">\n\t\t\t\t\t\t<div class=\"elementor-container elementor-column-gap-default\">\n\t\t\t\t\t<div class=\"elementor-column elementor-col-100 elementor-top-column elementor-element elementor-element-3f2db348\" data-id=\"3f2db348\" data-element_type=\"column\">\n\t\t\t<div class=\"elementor-widget-wrap elementor-element-populated\">\n\t\t\t\t\t\t<div class=\"elementor-element elementor-element-6380d9d elementor-widget elementor-widget-image-gallery\" data-id=\"6380d9d\" data-element_type=\"widget\" data-widget_type=\"image-gallery.default\">\n\t\t\t\t<div class=\"elementor-widget-container\">\n\t\t\t\t\t<div class=\"elementor-image-gallery\">\n\t\t\t<div id='gallery-1' class='gallery galleryid-7019 gallery-columns-3 gallery-size-medium_large'><figure class='gallery-item'>\n\t\t\t<div class='gallery-icon landscape'>\n\t\t\t\t<a data-elementor-open-lightbox=\"yes\" data-elementor-lightbox-slideshow=\"6380d9d\" data-elementor-lightbox-title=\"k-P_FF1752\" data-e-action-hash=\"#elementor-action%3Aaction%3Dlightbox%26settings%3DeyJpZCI6NzAyMiwidXJsIjoiaHR0cHM6XC9cL2ZmLXdvZXJnbC5hdFwvd3AtY29udGVudFwvdXBsb2Fkc1wvMjAyNFwvMDFcL2stUF9GRjE3NTIuanBnIiwic2xpZGVzaG93IjoiNjM4MGQ5ZCJ9\" href='https:\/\/ff-woergl.at\/wp-content\/uploads\/2024\/01\/k-P_FF1752.jpg'><img decoding=\"async\" width=\"768\" height=\"512\" src=\"https:\/\/ff-woergl.at\/wp-content\/uploads\/2024\/01\/k-P_FF1752-768x512.jpg\" class=\"attachment-medium_large size-medium_large\" alt=\"\" srcset=\"https:\/\/ff-woergl.at\/wp-content\/uploads\/2024\/01\/k-P_FF1752-768x512.jpg 768w, https:\/\/ff-woergl.at\/wp-content\/uploads\/2024\/01\/k-P_FF1752-300x200.jpg 300w, https:\/\/ff-woergl.at\/wp-content\/uploads\/2024\/01\/k-P_FF1752-720x480.jpg 720w, https:\/\/ff-woergl.at\/wp-content\/uploads\/2024\/01\/k-P_FF1752.jpg 800w\" sizes=\"(max-width: 768px) 100vw, 768px\" \/><\/a>\n\t\t\t<\/div><\/figure><figure class='gallery-item'>\n\t\t\t<div class='gallery-icon landscape'>\n\t\t\t\t<a data-elementor-open-lightbox=\"yes\" data-elementor-lightbox-slideshow=\"6380d9d\" data-elementor-lightbox-title=\"k-P_FF1741\" data-e-action-hash=\"#elementor-action%3Aaction%3Dlightbox%26settings%3DeyJpZCI6NzAyMywidXJsIjoiaHR0cHM6XC9cL2ZmLXdvZXJnbC5hdFwvd3AtY29udGVudFwvdXBsb2Fkc1wvMjAyNFwvMDFcL2stUF9GRjE3NDEuanBnIiwic2xpZGVzaG93IjoiNjM4MGQ5ZCJ9\" href='https:\/\/ff-woergl.at\/wp-content\/uploads\/2024\/01\/k-P_FF1741.jpg'><img decoding=\"async\" width=\"768\" height=\"512\" src=\"https:\/\/ff-woergl.at\/wp-content\/uploads\/2024\/01\/k-P_FF1741-768x512.jpg\" class=\"attachment-medium_large size-medium_large\" alt=\"\" srcset=\"https:\/\/ff-woergl.at\/wp-content\/uploads\/2024\/01\/k-P_FF1741-768x512.jpg 768w, https:\/\/ff-woergl.at\/wp-content\/uploads\/2024\/01\/k-P_FF1741-300x200.jpg 300w, https:\/\/ff-woergl.at\/wp-content\/uploads\/2024\/01\/k-P_FF1741-720x480.jpg 720w, https:\/\/ff-woergl.at\/wp-content\/uploads\/2024\/01\/k-P_FF1741.jpg 800w\" sizes=\"(max-width: 768px) 100vw, 768px\" \/><\/a>\n\t\t\t<\/div><\/figure><figure class='gallery-item'>\n\t\t\t<div class='gallery-icon landscape'>\n\t\t\t\t<a data-elementor-open-lightbox=\"yes\" data-elementor-lightbox-slideshow=\"6380d9d\" data-elementor-lightbox-title=\"k-P_FF1746\" data-e-action-hash=\"#elementor-action%3Aaction%3Dlightbox%26settings%3DeyJpZCI6NzAyNCwidXJsIjoiaHR0cHM6XC9cL2ZmLXdvZXJnbC5hdFwvd3AtY29udGVudFwvdXBsb2Fkc1wvMjAyNFwvMDFcL2stUF9GRjE3NDYuanBnIiwic2xpZGVzaG93IjoiNjM4MGQ5ZCJ9\" href='https:\/\/ff-woergl.at\/wp-content\/uploads\/2024\/01\/k-P_FF1746.jpg'><img loading=\"lazy\" decoding=\"async\" width=\"768\" height=\"512\" src=\"https:\/\/ff-woergl.at\/wp-content\/uploads\/2024\/01\/k-P_FF1746-768x512.jpg\" class=\"attachment-medium_large size-medium_large\" alt=\"\" srcset=\"https:\/\/ff-woergl.at\/wp-content\/uploads\/2024\/01\/k-P_FF1746-768x512.jpg 768w, https:\/\/ff-woergl.at\/wp-content\/uploads\/2024\/01\/k-P_FF1746-300x200.jpg 300w, https:\/\/ff-woergl.at\/wp-content\/uploads\/2024\/01\/k-P_FF1746-720x480.jpg 720w, https:\/\/ff-woergl.at\/wp-content\/uploads\/2024\/01\/k-P_FF1746.jpg 800w\" sizes=\"(max-width: 768px) 100vw, 768px\" \/><\/a>\n\t\t\t<\/div><\/figure>\n\t\t<\/div>\n\t\t<\/div>\n\t\t\t\t<\/div>\n\t\t\t\t<\/div>\n\t\t\t\t\t<\/div>\n\t\t<\/div>\n\t\t\t\t\t<\/div>\n\t\t<\/section>\n\t\t\t\t<\/div>\n\t\t","protected":false},"excerpt":{"rendered":"<p>Aktion friedenslicht 2023 Am 24.12.2023 fand im Ger\u00e4tehaus der Feuerwehr W\u00f6rgl wieder die allj\u00e4hrliche Aktion Friedenslicht statt. Schon in aller [&hellip;]<\/p>\n","protected":false},"author":8,"featured_media":7025,"comment_status":"closed","ping_status":"closed","sticky":false,"template":"","format":"standard","meta":{"footnotes":""},"categories":[25],"tags":[],"class_list":["post-7019","post","type-post","status-publish","format-standard","has-post-thumbnail","hentry","category-news","col-lg-4 col-md-6"],"_links":{"self":[{"href":"https:\/\/ff-woergl.at\/index.php\/wp-json\/wp\/v2\/posts\/7019","targetHints":{"allow":["GET"]}}],"collection":[{"href":"https:\/\/ff-woergl.at\/index.php\/wp-json\/wp\/v2\/posts"}],"about":[{"href":"https:\/\/ff-woergl.at\/index.php\/wp-json\/wp\/v2\/types\/post"}],"author":[{"embeddable":true,"href":"https:\/\/ff-woergl.at\/index.php\/wp-json\/wp\/v2\/users\/8"}],"replies":[{"embeddable":true,"href":"https:\/\/ff-woergl.at\/index.php\/wp-json\/wp\/v2\/comments?post=7019"}],"version-history":[{"count":16,"href":"https:\/\/ff-woergl.at\/index.php\/wp-json\/wp\/v2\/posts\/7019\/revisions"}],"predecessor-version":[{"id":7706,"href":"https:\/\/ff-woergl.at\/index.php\/wp-json\/wp\/v2\/posts\/7019\/revisions\/7706"}],"wp:featuredmedia":[{"embeddable":true,"href":"https:\/\/ff-woergl.at\/index.php\/wp-json\/wp\/v2\/media\/7025"}],"wp:attachment":[{"href":"https:\/\/ff-woergl.at\/index.php\/wp-json\/wp\/v2\/media?parent=7019"}],"wp:term":[{"taxonomy":"category","embeddable":true,"href":"https:\/\/ff-woergl.at\/index.php\/wp-json\/wp\/v2\/categories?post=7019"},{"taxonomy":"post_tag","embeddable":true,"href":"https:\/\/ff-woergl.at\/index.php\/wp-json\/wp\/v2\/tags?post=7019"}],"curies":[{"name":"wp","href":"https:\/\/api.w.org\/{rel}","templated":true}]}}