{"id":5370,"date":"2023-04-06T11:56:34","date_gmt":"2023-04-06T09:56:34","guid":{"rendered":"https:\/\/new.ff-woergl.at\/?p=5370"},"modified":"2024-01-06T18:11:26","modified_gmt":"2024-01-06T17:11:26","slug":"hoerg-uebung-verletzte-person-unter-bruecke","status":"publish","type":"post","link":"https:\/\/ff-woergl.at\/index.php\/2023\/04\/06\/hoerg-uebung-verletzte-person-unter-bruecke\/","title":{"rendered":"H\u00d6RG-\u00dcbung: Verletzte Person auf Baukran"},"content":{"rendered":"\t\t<div data-elementor-type=\"wp-post\" data-elementor-id=\"5370\" class=\"elementor elementor-5370\" data-elementor-post-type=\"post\">\n\t\t\t\t\t\t<section class=\"elementor-section elementor-top-section elementor-element elementor-element-1c3a771c elementor-section-boxed elementor-section-height-default elementor-section-height-default\" data-id=\"1c3a771c\" data-element_type=\"section\">\n\t\t\t\t\t\t<div class=\"elementor-container elementor-column-gap-default\">\n\t\t\t\t\t<div class=\"elementor-column elementor-col-100 elementor-top-column elementor-element elementor-element-5a251f4d\" data-id=\"5a251f4d\" data-element_type=\"column\">\n\t\t\t<div class=\"elementor-widget-wrap elementor-element-populated\">\n\t\t\t\t\t\t<div class=\"elementor-element elementor-element-6b99316c elementor-widget elementor-widget-heading\" data-id=\"6b99316c\" data-element_type=\"widget\" data-widget_type=\"heading.default\">\n\t\t\t\t<div class=\"elementor-widget-container\">\n\t\t\t<h1 class=\"elementor-heading-title elementor-size-default\">H\u00d6RG-\u00dcbung: Verletzte Person auf Kran<\/h1>\t\t<\/div>\n\t\t\t\t<\/div>\n\t\t\t\t<div class=\"elementor-element elementor-element-175ed2ba elementor-widget-divider--view-line elementor-widget elementor-widget-divider\" data-id=\"175ed2ba\" data-element_type=\"widget\" data-widget_type=\"divider.default\">\n\t\t\t\t<div class=\"elementor-widget-container\">\n\t\t\t\t\t<div class=\"elementor-divider\">\n\t\t\t<span class=\"elementor-divider-separator\">\n\t\t\t\t\t\t<\/span>\n\t\t<\/div>\n\t\t\t\t<\/div>\n\t\t\t\t<\/div>\n\t\t\t\t\t<\/div>\n\t\t<\/div>\n\t\t\t\t\t<\/div>\n\t\t<\/section>\n\t\t\t\t<section class=\"elementor-section elementor-top-section elementor-element elementor-element-3ef1f9f elementor-section-boxed elementor-section-height-default elementor-section-height-default\" data-id=\"3ef1f9f\" data-element_type=\"section\">\n\t\t\t\t\t\t<div class=\"elementor-container elementor-column-gap-default\">\n\t\t\t\t\t<div class=\"elementor-column elementor-col-100 elementor-top-column elementor-element elementor-element-b6f50aa\" data-id=\"b6f50aa\" data-element_type=\"column\">\n\t\t\t<div class=\"elementor-widget-wrap elementor-element-populated\">\n\t\t\t\t\t\t<div class=\"elementor-element elementor-element-534a283 elementor-widget elementor-widget-text-editor\" data-id=\"534a283\" data-element_type=\"widget\" data-widget_type=\"text-editor.default\">\n\t\t\t\t<div class=\"elementor-widget-container\">\n\t\t\t\t\t\t\t<p>Nach einer kurzen Winterpause konnte die H\u00f6henretttungsgruppe der Freiwilligen Feuerwehr W\u00f6rgl wieder mit dem regelm\u00e4\u00dfigen \u00dcbungsbetrieb beginnen. Am Mittwoch, den 05.04.2023 wurde die Rettung einer verletzten Person auf einem Baukran be\u00fcbt.\u00a0<\/p><p>Die H\u00f6henrettungsgruppe erprobte zwei verschiedene Rettungsmethoden (sitzend und liegend). Die Herausforderung lag vor allem bei den beengenden Platzverh\u00e4ltnissen am Kran. Dennoch konnte der Patient jeweils in k\u00fcrzester Zeit gerettet werden.<\/p>\t\t\t\t\t\t<\/div>\n\t\t\t\t<\/div>\n\t\t\t\t\t<\/div>\n\t\t<\/div>\n\t\t\t\t\t<\/div>\n\t\t<\/section>\n\t\t\t\t<section class=\"elementor-section elementor-top-section elementor-element elementor-element-b02ccbe elementor-section-boxed elementor-section-height-default elementor-section-height-default\" data-id=\"b02ccbe\" data-element_type=\"section\">\n\t\t\t\t\t\t<div class=\"elementor-container elementor-column-gap-default\">\n\t\t\t\t\t<div class=\"elementor-column elementor-col-100 elementor-top-column elementor-element elementor-element-af0ce81\" data-id=\"af0ce81\" data-element_type=\"column\">\n\t\t\t<div class=\"elementor-widget-wrap elementor-element-populated\">\n\t\t\t\t\t\t<div class=\"elementor-element elementor-element-ad4be61 elementor-widget elementor-widget-image-gallery\" data-id=\"ad4be61\" data-element_type=\"widget\" data-widget_type=\"image-gallery.default\">\n\t\t\t\t<div class=\"elementor-widget-container\">\n\t\t\t\t\t<div class=\"elementor-image-gallery\">\n\t\t\t<div id='gallery-1' class='gallery galleryid-5370 gallery-columns-2 gallery-size-medium_large'><figure class='gallery-item'>\n\t\t\t<div class='gallery-icon portrait'>\n\t\t\t\t<a data-elementor-open-lightbox=\"yes\" data-elementor-lightbox-slideshow=\"ad4be61\" data-elementor-lightbox-title=\"k-20230405_193512\" data-e-action-hash=\"#elementor-action%3Aaction%3Dlightbox%26settings%3DeyJpZCI6NTM3MSwidXJsIjoiaHR0cHM6XC9cL2ZmLXdvZXJnbC5hdFwvd3AtY29udGVudFwvdXBsb2Fkc1wvMjAyM1wvMTJcL2stMjAyMzA0MDVfMTkzNTEyLmpwZyIsInNsaWRlc2hvdyI6ImFkNGJlNjEifQ%3D%3D\" href='https:\/\/ff-woergl.at\/wp-content\/uploads\/2023\/12\/k-20230405_193512.jpg'><img fetchpriority=\"high\" decoding=\"async\" width=\"450\" height=\"800\" src=\"https:\/\/ff-woergl.at\/wp-content\/uploads\/2023\/12\/k-20230405_193512.jpg\" class=\"attachment-medium_large size-medium_large\" alt=\"\" srcset=\"https:\/\/ff-woergl.at\/wp-content\/uploads\/2023\/12\/k-20230405_193512.jpg 450w, https:\/\/ff-woergl.at\/wp-content\/uploads\/2023\/12\/k-20230405_193512-169x300.jpg 169w\" sizes=\"(max-width: 450px) 100vw, 450px\" \/><\/a>\n\t\t\t<\/div><\/figure><figure class='gallery-item'>\n\t\t\t<div class='gallery-icon portrait'>\n\t\t\t\t<a data-elementor-open-lightbox=\"yes\" data-elementor-lightbox-slideshow=\"ad4be61\" data-elementor-lightbox-title=\"k-hoergfahrthofer4216\" data-e-action-hash=\"#elementor-action%3Aaction%3Dlightbox%26settings%3DeyJpZCI6NTM3NSwidXJsIjoiaHR0cHM6XC9cL2ZmLXdvZXJnbC5hdFwvd3AtY29udGVudFwvdXBsb2Fkc1wvMjAyM1wvMTJcL2staG9lcmdmYWhydGhvZmVyNDIxNi5qcGciLCJzbGlkZXNob3ciOiJhZDRiZTYxIn0%3D\" href='https:\/\/ff-woergl.at\/wp-content\/uploads\/2023\/12\/k-hoergfahrthofer4216.jpg'><img decoding=\"async\" width=\"450\" height=\"800\" src=\"https:\/\/ff-woergl.at\/wp-content\/uploads\/2023\/12\/k-hoergfahrthofer4216.jpg\" class=\"attachment-medium_large size-medium_large\" alt=\"\" srcset=\"https:\/\/ff-woergl.at\/wp-content\/uploads\/2023\/12\/k-hoergfahrthofer4216.jpg 450w, https:\/\/ff-woergl.at\/wp-content\/uploads\/2023\/12\/k-hoergfahrthofer4216-169x300.jpg 169w\" sizes=\"(max-width: 450px) 100vw, 450px\" \/><\/a>\n\t\t\t<\/div><\/figure><figure class='gallery-item'>\n\t\t\t<div class='gallery-icon landscape'>\n\t\t\t\t<a data-elementor-open-lightbox=\"yes\" data-elementor-lightbox-slideshow=\"ad4be61\" data-elementor-lightbox-title=\"k-hoergfahrthofer4207\" data-e-action-hash=\"#elementor-action%3Aaction%3Dlightbox%26settings%3DeyJpZCI6NTM3MywidXJsIjoiaHR0cHM6XC9cL2ZmLXdvZXJnbC5hdFwvd3AtY29udGVudFwvdXBsb2Fkc1wvMjAyM1wvMTJcL2staG9lcmdmYWhydGhvZmVyNDIwNy5qcGciLCJzbGlkZXNob3ciOiJhZDRiZTYxIn0%3D\" href='https:\/\/ff-woergl.at\/wp-content\/uploads\/2023\/12\/k-hoergfahrthofer4207.jpg'><img decoding=\"async\" width=\"768\" height=\"576\" src=\"https:\/\/ff-woergl.at\/wp-content\/uploads\/2023\/12\/k-hoergfahrthofer4207-768x576.jpg\" class=\"attachment-medium_large size-medium_large\" alt=\"\" srcset=\"https:\/\/ff-woergl.at\/wp-content\/uploads\/2023\/12\/k-hoergfahrthofer4207-768x576.jpg 768w, https:\/\/ff-woergl.at\/wp-content\/uploads\/2023\/12\/k-hoergfahrthofer4207-300x225.jpg 300w, https:\/\/ff-woergl.at\/wp-content\/uploads\/2023\/12\/k-hoergfahrthofer4207-720x540.jpg 720w, https:\/\/ff-woergl.at\/wp-content\/uploads\/2023\/12\/k-hoergfahrthofer4207.jpg 800w\" sizes=\"(max-width: 768px) 100vw, 768px\" \/><\/a>\n\t\t\t<\/div><\/figure><figure class='gallery-item'>\n\t\t\t<div class='gallery-icon landscape'>\n\t\t\t\t<a data-elementor-open-lightbox=\"yes\" data-elementor-lightbox-slideshow=\"ad4be61\" data-elementor-lightbox-title=\"k-hoergfahrthofer4204\" data-e-action-hash=\"#elementor-action%3Aaction%3Dlightbox%26settings%3DeyJpZCI6NTM3MiwidXJsIjoiaHR0cHM6XC9cL2ZmLXdvZXJnbC5hdFwvd3AtY29udGVudFwvdXBsb2Fkc1wvMjAyM1wvMTJcL2staG9lcmdmYWhydGhvZmVyNDIwNC5qcGciLCJzbGlkZXNob3ciOiJhZDRiZTYxIn0%3D\" href='https:\/\/ff-woergl.at\/wp-content\/uploads\/2023\/12\/k-hoergfahrthofer4204.jpg'><img loading=\"lazy\" decoding=\"async\" width=\"768\" height=\"576\" src=\"https:\/\/ff-woergl.at\/wp-content\/uploads\/2023\/12\/k-hoergfahrthofer4204-768x576.jpg\" class=\"attachment-medium_large size-medium_large\" alt=\"\" srcset=\"https:\/\/ff-woergl.at\/wp-content\/uploads\/2023\/12\/k-hoergfahrthofer4204-768x576.jpg 768w, https:\/\/ff-woergl.at\/wp-content\/uploads\/2023\/12\/k-hoergfahrthofer4204-300x225.jpg 300w, https:\/\/ff-woergl.at\/wp-content\/uploads\/2023\/12\/k-hoergfahrthofer4204-720x540.jpg 720w, https:\/\/ff-woergl.at\/wp-content\/uploads\/2023\/12\/k-hoergfahrthofer4204.jpg 800w\" sizes=\"(max-width: 768px) 100vw, 768px\" \/><\/a>\n\t\t\t<\/div><\/figure>\n\t\t<\/div>\n\t\t<\/div>\n\t\t\t\t<\/div>\n\t\t\t\t<\/div>\n\t\t\t\t\t<\/div>\n\t\t<\/div>\n\t\t\t\t\t<\/div>\n\t\t<\/section>\n\t\t\t\t<\/div>\n\t\t","protected":false},"excerpt":{"rendered":"<p>H\u00d6RG-\u00dcbung: Verletzte Person auf Kran Nach einer kurzen Winterpause konnte die H\u00f6henretttungsgruppe der Freiwilligen Feuerwehr W\u00f6rgl wieder mit dem regelm\u00e4\u00dfigen [&hellip;]<\/p>\n","protected":false},"author":9,"featured_media":5373,"comment_status":"closed","ping_status":"closed","sticky":false,"template":"","format":"standard","meta":{"footnotes":""},"categories":[79],"tags":[],"class_list":["post-5370","post","type-post","status-publish","format-standard","has-post-thumbnail","hentry","category-hoehenrettung","col-lg-4 col-md-6"],"_links":{"self":[{"href":"https:\/\/ff-woergl.at\/index.php\/wp-json\/wp\/v2\/posts\/5370","targetHints":{"allow":["GET"]}}],"collection":[{"href":"https:\/\/ff-woergl.at\/index.php\/wp-json\/wp\/v2\/posts"}],"about":[{"href":"https:\/\/ff-woergl.at\/index.php\/wp-json\/wp\/v2\/types\/post"}],"author":[{"embeddable":true,"href":"https:\/\/ff-woergl.at\/index.php\/wp-json\/wp\/v2\/users\/9"}],"replies":[{"embeddable":true,"href":"https:\/\/ff-woergl.at\/index.php\/wp-json\/wp\/v2\/comments?post=5370"}],"version-history":[{"count":9,"href":"https:\/\/ff-woergl.at\/index.php\/wp-json\/wp\/v2\/posts\/5370\/revisions"}],"predecessor-version":[{"id":7115,"href":"https:\/\/ff-woergl.at\/index.php\/wp-json\/wp\/v2\/posts\/5370\/revisions\/7115"}],"wp:featuredmedia":[{"embeddable":true,"href":"https:\/\/ff-woergl.at\/index.php\/wp-json\/wp\/v2\/media\/5373"}],"wp:attachment":[{"href":"https:\/\/ff-woergl.at\/index.php\/wp-json\/wp\/v2\/media?parent=5370"}],"wp:term":[{"taxonomy":"category","embeddable":true,"href":"https:\/\/ff-woergl.at\/index.php\/wp-json\/wp\/v2\/categories?post=5370"},{"taxonomy":"post_tag","embeddable":true,"href":"https:\/\/ff-woergl.at\/index.php\/wp-json\/wp\/v2\/tags?post=5370"}],"curies":[{"name":"wp","href":"https:\/\/api.w.org\/{rel}","templated":true}]}}