{"id":3605,"date":"2023-03-23T15:21:19","date_gmt":"2023-03-23T14:21:19","guid":{"rendered":"https:\/\/new.ff-woergl.at\/?p=3605"},"modified":"2023-12-02T16:00:44","modified_gmt":"2023-12-02T15:00:44","slug":"mair-willi-geht-in-den-ruhestand","status":"publish","type":"post","link":"https:\/\/ff-woergl.at\/index.php\/2023\/03\/23\/mair-willi-geht-in-den-ruhestand\/","title":{"rendered":"Mair Willi geht in den Ruhestand"},"content":{"rendered":"\t\t<div data-elementor-type=\"wp-post\" data-elementor-id=\"3605\" class=\"elementor elementor-3605\" data-elementor-post-type=\"post\">\n\t\t\t\t\t\t<section class=\"elementor-section elementor-top-section elementor-element elementor-element-5357ca58 elementor-section-boxed elementor-section-height-default elementor-section-height-default\" data-id=\"5357ca58\" data-element_type=\"section\">\n\t\t\t\t\t\t<div class=\"elementor-container elementor-column-gap-default\">\n\t\t\t\t\t<div class=\"elementor-column elementor-col-100 elementor-top-column elementor-element elementor-element-46590acb\" data-id=\"46590acb\" data-element_type=\"column\">\n\t\t\t<div class=\"elementor-widget-wrap elementor-element-populated\">\n\t\t\t\t\t\t<div class=\"elementor-element elementor-element-5fe2bd53 elementor-widget elementor-widget-heading\" data-id=\"5fe2bd53\" data-element_type=\"widget\" data-widget_type=\"heading.default\">\n\t\t\t\t<div class=\"elementor-widget-container\">\n\t\t\t<h1 class=\"elementor-heading-title elementor-size-default\">Mair Willi geht in den Ruhestand<\/h1>\t\t<\/div>\n\t\t\t\t<\/div>\n\t\t\t\t<div class=\"elementor-element elementor-element-1a8d847a elementor-widget-divider--view-line elementor-widget elementor-widget-divider\" data-id=\"1a8d847a\" data-element_type=\"widget\" data-widget_type=\"divider.default\">\n\t\t\t\t<div class=\"elementor-widget-container\">\n\t\t\t\t\t<div class=\"elementor-divider\">\n\t\t\t<span class=\"elementor-divider-separator\">\n\t\t\t\t\t\t<\/span>\n\t\t<\/div>\n\t\t\t\t<\/div>\n\t\t\t\t<\/div>\n\t\t\t\t\t<\/div>\n\t\t<\/div>\n\t\t\t\t\t<\/div>\n\t\t<\/section>\n\t\t\t\t<section class=\"elementor-section elementor-top-section elementor-element elementor-element-0eea5ca elementor-section-boxed elementor-section-height-default elementor-section-height-default\" data-id=\"0eea5ca\" data-element_type=\"section\">\n\t\t\t\t\t\t<div class=\"elementor-container elementor-column-gap-default\">\n\t\t\t\t\t<div class=\"elementor-column elementor-col-100 elementor-top-column elementor-element elementor-element-87f63dd\" data-id=\"87f63dd\" data-element_type=\"column\">\n\t\t\t<div class=\"elementor-widget-wrap elementor-element-populated\">\n\t\t\t\t\t\t<div class=\"elementor-element elementor-element-89eab56 elementor-widget elementor-widget-text-editor\" data-id=\"89eab56\" data-element_type=\"widget\" data-widget_type=\"text-editor.default\">\n\t\t\t\t<div class=\"elementor-widget-container\">\n\t\t\t\t\t\t\t<p>Am 17. M\u00e4rz 2023 ging eine \u00c4ra zu Ende: Unser langj\u00e4hriger Presseredakteur und Fotograf Wilhelm Maier besuchte das letzte Mal unsere Jahreshauptversammlung und geht somit nach knapp 25 Jahren in seinen wohlverdienten Ruhestand.\u00a0<\/p><p>Maier Willi ist f\u00fcr jeden Kameraden und jede Kameradin in der W\u00f6rgler Feuerwehr ein bekannter Name. Willi\u00a0besuchte uns nicht nur bei jeder einzelnen JHV, sondern auch bei sonstigen Anl\u00e4ssen (Feste, B\u00e4lle, etc.). In diesem Zuge m\u00f6chte sich die Freiwillige Feuerwehr der Stadt W\u00f6rgl f\u00fcr die gute Zusammenarbeit, die ausf\u00fchrliche Berichterstattung und allgemein f\u00fcr die Pressearbeit in den letzten Jahren bedanken!<\/p><p style=\"text-align: center;\"><em><strong>Danke Willi!<\/strong><\/em><\/p>\t\t\t\t\t\t<\/div>\n\t\t\t\t<\/div>\n\t\t\t\t\t<\/div>\n\t\t<\/div>\n\t\t\t\t\t<\/div>\n\t\t<\/section>\n\t\t\t\t<section class=\"elementor-section elementor-top-section elementor-element elementor-element-4dd5cb1 elementor-section-boxed elementor-section-height-default elementor-section-height-default\" data-id=\"4dd5cb1\" data-element_type=\"section\">\n\t\t\t\t\t\t<div class=\"elementor-container elementor-column-gap-default\">\n\t\t\t\t\t<div class=\"elementor-column elementor-col-100 elementor-top-column elementor-element elementor-element-a35cdd4\" data-id=\"a35cdd4\" data-element_type=\"column\">\n\t\t\t<div class=\"elementor-widget-wrap elementor-element-populated\">\n\t\t\t\t\t\t<div class=\"elementor-element elementor-element-d4c799d elementor-widget elementor-widget-image-gallery\" data-id=\"d4c799d\" data-element_type=\"widget\" data-widget_type=\"image-gallery.default\">\n\t\t\t\t<div class=\"elementor-widget-container\">\n\t\t\t\t\t<div class=\"elementor-image-gallery\">\n\t\t\t<div id='gallery-1' class='gallery galleryid-3605 gallery-columns-2 gallery-size-medium_large'><figure class='gallery-item'>\n\t\t\t<div class='gallery-icon landscape'>\n\t\t\t\t<a data-elementor-open-lightbox=\"yes\" data-elementor-lightbox-slideshow=\"d4c799d\" data-elementor-lightbox-title=\"FF_Woergl-JHE_9232\" data-e-action-hash=\"#elementor-action%3Aaction%3Dlightbox%26settings%3DeyJpZCI6MzYwNywidXJsIjoiaHR0cHM6XC9cL2ZmLXdvZXJnbC5hdFwvd3AtY29udGVudFwvdXBsb2Fkc1wvMjAyM1wvMTFcL0ZGX1dvZXJnbC1KSEVfOTIzMi5qcGciLCJzbGlkZXNob3ciOiJkNGM3OTlkIn0%3D\" href='https:\/\/ff-woergl.at\/wp-content\/uploads\/2023\/11\/FF_Woergl-JHE_9232.jpg'><img fetchpriority=\"high\" decoding=\"async\" width=\"768\" height=\"512\" src=\"https:\/\/ff-woergl.at\/wp-content\/uploads\/2023\/11\/FF_Woergl-JHE_9232-768x512.jpg\" class=\"attachment-medium_large size-medium_large\" alt=\"\" srcset=\"https:\/\/ff-woergl.at\/wp-content\/uploads\/2023\/11\/FF_Woergl-JHE_9232-768x512.jpg 768w, https:\/\/ff-woergl.at\/wp-content\/uploads\/2023\/11\/FF_Woergl-JHE_9232-300x200.jpg 300w, https:\/\/ff-woergl.at\/wp-content\/uploads\/2023\/11\/FF_Woergl-JHE_9232-720x480.jpg 720w, https:\/\/ff-woergl.at\/wp-content\/uploads\/2023\/11\/FF_Woergl-JHE_9232.jpg 800w\" sizes=\"(max-width: 768px) 100vw, 768px\" \/><\/a>\n\t\t\t<\/div><\/figure><figure class='gallery-item'>\n\t\t\t<div class='gallery-icon landscape'>\n\t\t\t\t<a data-elementor-open-lightbox=\"yes\" data-elementor-lightbox-slideshow=\"d4c799d\" data-elementor-lightbox-title=\"FF_Woergl-JHE_9248\" data-e-action-hash=\"#elementor-action%3Aaction%3Dlightbox%26settings%3DeyJpZCI6MzYwOCwidXJsIjoiaHR0cHM6XC9cL2ZmLXdvZXJnbC5hdFwvd3AtY29udGVudFwvdXBsb2Fkc1wvMjAyM1wvMTFcL0ZGX1dvZXJnbC1KSEVfOTI0OC5qcGciLCJzbGlkZXNob3ciOiJkNGM3OTlkIn0%3D\" href='https:\/\/ff-woergl.at\/wp-content\/uploads\/2023\/11\/FF_Woergl-JHE_9248.jpg'><img decoding=\"async\" width=\"768\" height=\"512\" src=\"https:\/\/ff-woergl.at\/wp-content\/uploads\/2023\/11\/FF_Woergl-JHE_9248-768x512.jpg\" class=\"attachment-medium_large size-medium_large\" alt=\"\" srcset=\"https:\/\/ff-woergl.at\/wp-content\/uploads\/2023\/11\/FF_Woergl-JHE_9248-768x512.jpg 768w, https:\/\/ff-woergl.at\/wp-content\/uploads\/2023\/11\/FF_Woergl-JHE_9248-300x200.jpg 300w, https:\/\/ff-woergl.at\/wp-content\/uploads\/2023\/11\/FF_Woergl-JHE_9248-720x480.jpg 720w, https:\/\/ff-woergl.at\/wp-content\/uploads\/2023\/11\/FF_Woergl-JHE_9248.jpg 800w\" sizes=\"(max-width: 768px) 100vw, 768px\" \/><\/a>\n\t\t\t<\/div><\/figure>\n\t\t<\/div>\n\t\t<\/div>\n\t\t\t\t<\/div>\n\t\t\t\t<\/div>\n\t\t\t\t\t<\/div>\n\t\t<\/div>\n\t\t\t\t\t<\/div>\n\t\t<\/section>\n\t\t\t\t<\/div>\n\t\t","protected":false},"excerpt":{"rendered":"<p>Mair Willi geht in den Ruhestand Am 17. M\u00e4rz 2023 ging eine \u00c4ra zu Ende: Unser langj\u00e4hriger Presseredakteur und Fotograf [&hellip;]<\/p>\n","protected":false},"author":9,"featured_media":3607,"comment_status":"closed","ping_status":"closed","sticky":false,"template":"","format":"standard","meta":{"footnotes":""},"categories":[25],"tags":[],"class_list":["post-3605","post","type-post","status-publish","format-standard","has-post-thumbnail","hentry","category-news","col-lg-4 col-md-6"],"_links":{"self":[{"href":"https:\/\/ff-woergl.at\/index.php\/wp-json\/wp\/v2\/posts\/3605","targetHints":{"allow":["GET"]}}],"collection":[{"href":"https:\/\/ff-woergl.at\/index.php\/wp-json\/wp\/v2\/posts"}],"about":[{"href":"https:\/\/ff-woergl.at\/index.php\/wp-json\/wp\/v2\/types\/post"}],"author":[{"embeddable":true,"href":"https:\/\/ff-woergl.at\/index.php\/wp-json\/wp\/v2\/users\/9"}],"replies":[{"embeddable":true,"href":"https:\/\/ff-woergl.at\/index.php\/wp-json\/wp\/v2\/comments?post=3605"}],"version-history":[{"count":8,"href":"https:\/\/ff-woergl.at\/index.php\/wp-json\/wp\/v2\/posts\/3605\/revisions"}],"predecessor-version":[{"id":5326,"href":"https:\/\/ff-woergl.at\/index.php\/wp-json\/wp\/v2\/posts\/3605\/revisions\/5326"}],"wp:featuredmedia":[{"embeddable":true,"href":"https:\/\/ff-woergl.at\/index.php\/wp-json\/wp\/v2\/media\/3607"}],"wp:attachment":[{"href":"https:\/\/ff-woergl.at\/index.php\/wp-json\/wp\/v2\/media?parent=3605"}],"wp:term":[{"taxonomy":"category","embeddable":true,"href":"https:\/\/ff-woergl.at\/index.php\/wp-json\/wp\/v2\/categories?post=3605"},{"taxonomy":"post_tag","embeddable":true,"href":"https:\/\/ff-woergl.at\/index.php\/wp-json\/wp\/v2\/tags?post=3605"}],"curies":[{"name":"wp","href":"https:\/\/api.w.org\/{rel}","templated":true}]}}