{"id":3449,"date":"2023-04-06T12:37:33","date_gmt":"2023-04-06T10:37:33","guid":{"rendered":"https:\/\/new.ff-woergl.at\/?p=3449"},"modified":"2023-12-02T15:57:43","modified_gmt":"2023-12-02T14:57:43","slug":"abschnittswahlen-und-befoerderungen","status":"publish","type":"post","link":"https:\/\/ff-woergl.at\/index.php\/2023\/04\/06\/abschnittswahlen-und-befoerderungen\/","title":{"rendered":"Abschnittswahlen und Bef\u00f6rderungen"},"content":{"rendered":"\t\t<div data-elementor-type=\"wp-post\" data-elementor-id=\"3449\" class=\"elementor elementor-3449\" data-elementor-post-type=\"post\">\n\t\t\t\t\t\t<section class=\"elementor-section elementor-top-section elementor-element elementor-element-25e5b66d elementor-section-boxed elementor-section-height-default elementor-section-height-default\" data-id=\"25e5b66d\" data-element_type=\"section\">\n\t\t\t\t\t\t<div class=\"elementor-container elementor-column-gap-default\">\n\t\t\t\t\t<div class=\"elementor-column elementor-col-100 elementor-top-column elementor-element elementor-element-64a3c7cf\" data-id=\"64a3c7cf\" data-element_type=\"column\">\n\t\t\t<div class=\"elementor-widget-wrap elementor-element-populated\">\n\t\t\t\t\t\t<div class=\"elementor-element elementor-element-2e4191cc elementor-widget elementor-widget-heading\" data-id=\"2e4191cc\" data-element_type=\"widget\" data-widget_type=\"heading.default\">\n\t\t\t\t<div class=\"elementor-widget-container\">\n\t\t\t<h1 class=\"elementor-heading-title elementor-size-default\">Abschnittswahlen und Bef\u00f6rderungen<\/h1>\t\t<\/div>\n\t\t\t\t<\/div>\n\t\t\t\t<div class=\"elementor-element elementor-element-77566634 elementor-widget-divider--view-line elementor-widget elementor-widget-divider\" data-id=\"77566634\" data-element_type=\"widget\" data-widget_type=\"divider.default\">\n\t\t\t\t<div class=\"elementor-widget-container\">\n\t\t\t\t\t<div class=\"elementor-divider\">\n\t\t\t<span class=\"elementor-divider-separator\">\n\t\t\t\t\t\t<\/span>\n\t\t<\/div>\n\t\t\t\t<\/div>\n\t\t\t\t<\/div>\n\t\t\t\t\t<\/div>\n\t\t<\/div>\n\t\t\t\t\t<\/div>\n\t\t<\/section>\n\t\t\t\t<section class=\"elementor-section elementor-top-section elementor-element elementor-element-5f05f7a elementor-section-boxed elementor-section-height-default elementor-section-height-default\" data-id=\"5f05f7a\" data-element_type=\"section\">\n\t\t\t\t\t\t<div class=\"elementor-container elementor-column-gap-default\">\n\t\t\t\t\t<div class=\"elementor-column elementor-col-100 elementor-top-column elementor-element elementor-element-0c251b6\" data-id=\"0c251b6\" data-element_type=\"column\">\n\t\t\t<div class=\"elementor-widget-wrap elementor-element-populated\">\n\t\t\t\t\t\t<div class=\"elementor-element elementor-element-9be7e2e elementor-widget elementor-widget-text-editor\" data-id=\"9be7e2e\" data-element_type=\"widget\" data-widget_type=\"text-editor.default\">\n\t\t\t\t<div class=\"elementor-widget-container\">\n\t\t\t\t\t\t\t<p>Am 04.04.2023 fand in Kufstein die Wahl des Abschnittskommandanten (Abschnitt 5) statt, zudem konnten Bef\u00f6rderungen durchgef\u00fchrt werden. Unser ehemaliger Kommandant ABI Armin Ungericht stellte sich auch dieses mal wieder der Wahl.<\/p><p>ABI Armin Ungericht wurde bei dieser Wahl wiedergew\u00e4hlt und wird somit weiterhin als Abschnittskommandant f\u00fcr die Feuerwehren Auffach, Breitenbach, Kundl, Niederau, Oberau, Sandoz Kundl und W\u00f6rgl fungieren. Die Feuerwehr W\u00f6rgl w\u00fcnscht Armin alles Gute f\u00fcr die kommenden f\u00fcnf Jahre.<\/p><p>In diesem Zuge konnten auch Bef\u00f6rderungen durchgef\u00fchrt werden:<\/p>\t\t\t\t\t\t<\/div>\n\t\t\t\t<\/div>\n\t\t\t\t\t<\/div>\n\t\t<\/div>\n\t\t\t\t\t<\/div>\n\t\t<\/section>\n\t\t\t\t<section class=\"elementor-section elementor-top-section elementor-element elementor-element-76e83c1 elementor-section-boxed elementor-section-height-default elementor-section-height-default\" data-id=\"76e83c1\" data-element_type=\"section\">\n\t\t\t\t\t\t<div class=\"elementor-container elementor-column-gap-default\">\n\t\t\t\t\t<div class=\"elementor-column elementor-col-100 elementor-top-column elementor-element elementor-element-a086589\" data-id=\"a086589\" data-element_type=\"column\">\n\t\t\t<div class=\"elementor-widget-wrap elementor-element-populated\">\n\t\t\t\t\t\t<div class=\"elementor-element elementor-element-93a6707 elementor-icon-list--layout-traditional elementor-list-item-link-full_width elementor-widget elementor-widget-icon-list\" data-id=\"93a6707\" data-element_type=\"widget\" data-widget_type=\"icon-list.default\">\n\t\t\t\t<div class=\"elementor-widget-container\">\n\t\t\t\t\t<ul class=\"elementor-icon-list-items\">\n\t\t\t\t\t\t\t<li class=\"elementor-icon-list-item\">\n\t\t\t\t\t\t\t\t\t\t\t<span class=\"elementor-icon-list-icon\">\n\t\t\t\t\t\t\t<i aria-hidden=\"true\" class=\"fas fa-chevron-right\"><\/i>\t\t\t\t\t\t<\/span>\n\t\t\t\t\t\t\t\t\t\t<span class=\"elementor-icon-list-text\"><b>zum Hauptbrandinspektor (HBI): <\/b>Sebastian Prosch<\/span>\n\t\t\t\t\t\t\t\t\t<\/li>\n\t\t\t\t\t\t\t\t<li class=\"elementor-icon-list-item\">\n\t\t\t\t\t\t\t\t\t\t\t<span class=\"elementor-icon-list-icon\">\n\t\t\t\t\t\t\t<i aria-hidden=\"true\" class=\"fas fa-chevron-right\"><\/i>\t\t\t\t\t\t<\/span>\n\t\t\t\t\t\t\t\t\t\t<span class=\"elementor-icon-list-text\"><b>zum Oberbrandinspektor (OBI):<\/b> Johann Steinbacher<\/span>\n\t\t\t\t\t\t\t\t\t<\/li>\n\t\t\t\t\t\t\t\t<li class=\"elementor-icon-list-item\">\n\t\t\t\t\t\t\t\t\t\t\t<span class=\"elementor-icon-list-icon\">\n\t\t\t\t\t\t\t<i aria-hidden=\"true\" class=\"fas fa-chevron-right\"><\/i>\t\t\t\t\t\t<\/span>\n\t\t\t\t\t\t\t\t\t\t<span class=\"elementor-icon-list-text\"><b>zum Hauptverwalter (HV):<\/b> Florian Ehrenstrasser<\/span>\n\t\t\t\t\t\t\t\t\t<\/li>\n\t\t\t\t\t\t<\/ul>\n\t\t\t\t<\/div>\n\t\t\t\t<\/div>\n\t\t\t\t\t<\/div>\n\t\t<\/div>\n\t\t\t\t\t<\/div>\n\t\t<\/section>\n\t\t\t\t<section class=\"elementor-section elementor-top-section elementor-element elementor-element-d2bbb19 elementor-section-boxed elementor-section-height-default elementor-section-height-default\" data-id=\"d2bbb19\" data-element_type=\"section\">\n\t\t\t\t\t\t<div class=\"elementor-container elementor-column-gap-default\">\n\t\t\t\t\t<div class=\"elementor-column elementor-col-100 elementor-top-column elementor-element elementor-element-85e78ad\" data-id=\"85e78ad\" data-element_type=\"column\">\n\t\t\t<div class=\"elementor-widget-wrap elementor-element-populated\">\n\t\t\t\t\t\t<div class=\"elementor-element elementor-element-c7dbdb0 elementor-widget elementor-widget-text-editor\" data-id=\"c7dbdb0\" data-element_type=\"widget\" data-widget_type=\"text-editor.default\">\n\t\t\t\t<div class=\"elementor-widget-container\">\n\t\t\t\t\t\t\t<p>Gratulation zu den Bef\u00f6rderungen!<\/p>\t\t\t\t\t\t<\/div>\n\t\t\t\t<\/div>\n\t\t\t\t\t<\/div>\n\t\t<\/div>\n\t\t\t\t\t<\/div>\n\t\t<\/section>\n\t\t\t\t<section class=\"elementor-section elementor-top-section elementor-element elementor-element-74580ce elementor-section-boxed elementor-section-height-default elementor-section-height-default\" data-id=\"74580ce\" data-element_type=\"section\">\n\t\t\t\t\t\t<div class=\"elementor-container elementor-column-gap-default\">\n\t\t\t\t\t<div class=\"elementor-column elementor-col-100 elementor-top-column elementor-element elementor-element-065c276\" data-id=\"065c276\" data-element_type=\"column\">\n\t\t\t<div class=\"elementor-widget-wrap elementor-element-populated\">\n\t\t\t\t\t\t<div class=\"elementor-element elementor-element-5dc093b elementor-widget elementor-widget-image\" data-id=\"5dc093b\" data-element_type=\"widget\" data-widget_type=\"image.default\">\n\t\t\t\t<div class=\"elementor-widget-container\">\n\t\t\t\t\t\t\t\t\t\t\t\t\t<img fetchpriority=\"high\" decoding=\"async\" width=\"768\" height=\"432\" src=\"https:\/\/ff-woergl.at\/wp-content\/uploads\/2023\/11\/k-akwahl4247-768x432.jpg\" class=\"attachment-medium_large size-medium_large wp-image-3448\" alt=\"\" srcset=\"https:\/\/ff-woergl.at\/wp-content\/uploads\/2023\/11\/k-akwahl4247-768x432.jpg 768w, https:\/\/ff-woergl.at\/wp-content\/uploads\/2023\/11\/k-akwahl4247-300x169.jpg 300w, https:\/\/ff-woergl.at\/wp-content\/uploads\/2023\/11\/k-akwahl4247-720x405.jpg 720w, https:\/\/ff-woergl.at\/wp-content\/uploads\/2023\/11\/k-akwahl4247.jpg 1024w\" sizes=\"(max-width: 768px) 100vw, 768px\" \/>\t\t\t\t\t\t\t\t\t\t\t\t\t<\/div>\n\t\t\t\t<\/div>\n\t\t\t\t\t<\/div>\n\t\t<\/div>\n\t\t\t\t\t<\/div>\n\t\t<\/section>\n\t\t\t\t<\/div>\n\t\t","protected":false},"excerpt":{"rendered":"<p>Abschnittswahlen und Bef\u00f6rderungen Am 04.04.2023 fand in Kufstein die Wahl des Abschnittskommandanten (Abschnitt 5) statt, zudem konnten Bef\u00f6rderungen durchgef\u00fchrt werden. [&hellip;]<\/p>\n","protected":false},"author":9,"featured_media":3448,"comment_status":"closed","ping_status":"closed","sticky":false,"template":"","format":"standard","meta":{"footnotes":""},"categories":[25],"tags":[],"class_list":["post-3449","post","type-post","status-publish","format-standard","has-post-thumbnail","hentry","category-news","col-lg-4 col-md-6"],"_links":{"self":[{"href":"https:\/\/ff-woergl.at\/index.php\/wp-json\/wp\/v2\/posts\/3449","targetHints":{"allow":["GET"]}}],"collection":[{"href":"https:\/\/ff-woergl.at\/index.php\/wp-json\/wp\/v2\/posts"}],"about":[{"href":"https:\/\/ff-woergl.at\/index.php\/wp-json\/wp\/v2\/types\/post"}],"author":[{"embeddable":true,"href":"https:\/\/ff-woergl.at\/index.php\/wp-json\/wp\/v2\/users\/9"}],"replies":[{"embeddable":true,"href":"https:\/\/ff-woergl.at\/index.php\/wp-json\/wp\/v2\/comments?post=3449"}],"version-history":[{"count":8,"href":"https:\/\/ff-woergl.at\/index.php\/wp-json\/wp\/v2\/posts\/3449\/revisions"}],"predecessor-version":[{"id":7770,"href":"https:\/\/ff-woergl.at\/index.php\/wp-json\/wp\/v2\/posts\/3449\/revisions\/7770"}],"wp:featuredmedia":[{"embeddable":true,"href":"https:\/\/ff-woergl.at\/index.php\/wp-json\/wp\/v2\/media\/3448"}],"wp:attachment":[{"href":"https:\/\/ff-woergl.at\/index.php\/wp-json\/wp\/v2\/media?parent=3449"}],"wp:term":[{"taxonomy":"category","embeddable":true,"href":"https:\/\/ff-woergl.at\/index.php\/wp-json\/wp\/v2\/categories?post=3449"},{"taxonomy":"post_tag","embeddable":true,"href":"https:\/\/ff-woergl.at\/index.php\/wp-json\/wp\/v2\/tags?post=3449"}],"curies":[{"name":"wp","href":"https:\/\/api.w.org\/{rel}","templated":true}]}}