{"id":3351,"date":"2023-07-03T22:36:34","date_gmt":"2023-07-03T20:36:34","guid":{"rendered":"https:\/\/new.ff-woergl.at\/?p=3351"},"modified":"2023-12-02T15:35:04","modified_gmt":"2023-12-02T14:35:04","slug":"weiteres-ats-geraet-fuer-die-feuerwehr-woergl","status":"publish","type":"post","link":"https:\/\/ff-woergl.at\/index.php\/2023\/07\/03\/weiteres-ats-geraet-fuer-die-feuerwehr-woergl\/","title":{"rendered":"Weiteres ATS-Ger\u00e4t f\u00fcr die Feuerwehr W\u00f6rgl"},"content":{"rendered":"\t\t<div data-elementor-type=\"wp-post\" data-elementor-id=\"3351\" class=\"elementor elementor-3351\" data-elementor-post-type=\"post\">\n\t\t\t\t\t\t<section class=\"elementor-section elementor-top-section elementor-element elementor-element-42bdf130 elementor-section-boxed elementor-section-height-default elementor-section-height-default\" data-id=\"42bdf130\" data-element_type=\"section\">\n\t\t\t\t\t\t<div class=\"elementor-container elementor-column-gap-default\">\n\t\t\t\t\t<div class=\"elementor-column elementor-col-100 elementor-top-column elementor-element elementor-element-13ed9910\" data-id=\"13ed9910\" data-element_type=\"column\">\n\t\t\t<div class=\"elementor-widget-wrap elementor-element-populated\">\n\t\t\t\t\t\t<div class=\"elementor-element elementor-element-21be339c elementor-widget elementor-widget-heading\" data-id=\"21be339c\" data-element_type=\"widget\" data-widget_type=\"heading.default\">\n\t\t\t\t<div class=\"elementor-widget-container\">\n\t\t\t<h1 class=\"elementor-heading-title elementor-size-default\">Weiteres Atemschutzger\u00e4t <br>f\u00fcr die Feuerwehr W\u00f6rgl<\/h1>\t\t<\/div>\n\t\t\t\t<\/div>\n\t\t\t\t<div class=\"elementor-element elementor-element-5dc15733 elementor-widget-divider--view-line elementor-widget elementor-widget-divider\" data-id=\"5dc15733\" data-element_type=\"widget\" data-widget_type=\"divider.default\">\n\t\t\t\t<div class=\"elementor-widget-container\">\n\t\t\t\t\t<div class=\"elementor-divider\">\n\t\t\t<span class=\"elementor-divider-separator\">\n\t\t\t\t\t\t<\/span>\n\t\t<\/div>\n\t\t\t\t<\/div>\n\t\t\t\t<\/div>\n\t\t\t\t\t<\/div>\n\t\t<\/div>\n\t\t\t\t\t<\/div>\n\t\t<\/section>\n\t\t\t\t<section class=\"elementor-section elementor-top-section elementor-element elementor-element-bba0dab elementor-section-boxed elementor-section-height-default elementor-section-height-default\" data-id=\"bba0dab\" data-element_type=\"section\">\n\t\t\t\t\t\t<div class=\"elementor-container elementor-column-gap-default\">\n\t\t\t\t\t<div class=\"elementor-column elementor-col-100 elementor-top-column elementor-element elementor-element-601e926\" data-id=\"601e926\" data-element_type=\"column\">\n\t\t\t<div class=\"elementor-widget-wrap elementor-element-populated\">\n\t\t\t\t\t\t<div class=\"elementor-element elementor-element-f83b93a elementor-widget elementor-widget-text-editor\" data-id=\"f83b93a\" data-element_type=\"widget\" data-widget_type=\"text-editor.default\">\n\t\t\t\t<div class=\"elementor-widget-container\">\n\t\t\t\t\t\t\t<p>Die Firma\u00a0Interspiro\u00a0und die Freiwillige Feuerwehr der Stadt W\u00f6rgl pflegen eine seit\u00a0Jahrzehnten bestehende Partnerschaft. Die ersten Atemschutzger\u00e4te des innovativen schwedischen Herstellers konnten wir bereits in den Anf\u00e4ngen der 2000er Jahre in den Dienst unserer Feuerwehr stellen.<\/p>\n<p><\/p>\n<p>Eine Partnerschaft, welche wir, mit dem Tausch der 22 Ger\u00e4te im Jahre 2019 auf die neuen\u00a0Interspiro\u00a0INCURVE\u00a0Atemschutzger\u00e4te mit\u00a0der drahtlosen Kommunikationseinrichtung\u00a0Spirocom\u00a0und des Easy Clean Reinigungskonzept, weiter st\u00e4rken konnten.<\/p>\t\t\t\t\t\t<\/div>\n\t\t\t\t<\/div>\n\t\t\t\t\t<\/div>\n\t\t<\/div>\n\t\t\t\t\t<\/div>\n\t\t<\/section>\n\t\t\t\t<section class=\"elementor-section elementor-top-section elementor-element elementor-element-e9083ac elementor-section-boxed elementor-section-height-default elementor-section-height-default\" data-id=\"e9083ac\" data-element_type=\"section\">\n\t\t\t\t\t\t<div class=\"elementor-container elementor-column-gap-default\">\n\t\t\t\t\t<div class=\"elementor-column elementor-col-100 elementor-top-column elementor-element elementor-element-ff03a56\" data-id=\"ff03a56\" data-element_type=\"column\">\n\t\t\t<div class=\"elementor-widget-wrap elementor-element-populated\">\n\t\t\t\t\t\t<div class=\"elementor-element elementor-element-b44f1ea elementor-widget elementor-widget-image\" data-id=\"b44f1ea\" data-element_type=\"widget\" data-widget_type=\"image.default\">\n\t\t\t\t<div class=\"elementor-widget-container\">\n\t\t\t\t\t\t\t\t\t\t\t\t\t<img fetchpriority=\"high\" decoding=\"async\" width=\"300\" height=\"200\" src=\"https:\/\/ff-woergl.at\/wp-content\/uploads\/2023\/10\/Interspiro_Logo_RGB-e1699983353467-300x200.jpg\" class=\"attachment-medium size-medium wp-image-3348\" alt=\"\" srcset=\"https:\/\/ff-woergl.at\/wp-content\/uploads\/2023\/10\/Interspiro_Logo_RGB-e1699983353467-300x200.jpg 300w, https:\/\/ff-woergl.at\/wp-content\/uploads\/2023\/10\/Interspiro_Logo_RGB-e1699983353467-768x512.jpg 768w, https:\/\/ff-woergl.at\/wp-content\/uploads\/2023\/10\/Interspiro_Logo_RGB-e1699983353467-720x480.jpg 720w, https:\/\/ff-woergl.at\/wp-content\/uploads\/2023\/10\/Interspiro_Logo_RGB-e1699983353467.jpg 784w\" sizes=\"(max-width: 300px) 100vw, 300px\" \/>\t\t\t\t\t\t\t\t\t\t\t\t\t<\/div>\n\t\t\t\t<\/div>\n\t\t\t\t\t<\/div>\n\t\t<\/div>\n\t\t\t\t\t<\/div>\n\t\t<\/section>\n\t\t\t\t<section class=\"elementor-section elementor-top-section elementor-element elementor-element-d3c08ef elementor-section-boxed elementor-section-height-default elementor-section-height-default\" data-id=\"d3c08ef\" data-element_type=\"section\">\n\t\t\t\t\t\t<div class=\"elementor-container elementor-column-gap-default\">\n\t\t\t\t\t<div class=\"elementor-column elementor-col-100 elementor-top-column elementor-element elementor-element-1e5859d\" data-id=\"1e5859d\" data-element_type=\"column\">\n\t\t\t<div class=\"elementor-widget-wrap elementor-element-populated\">\n\t\t\t\t\t\t<div class=\"elementor-element elementor-element-c15d591 elementor-widget elementor-widget-text-editor\" data-id=\"c15d591\" data-element_type=\"widget\" data-widget_type=\"text-editor.default\">\n\t\t\t\t<div class=\"elementor-widget-container\">\n\t\t\t\t\t\t\t<p>Unsere Atemschutzwarte haben in diesem Zuge neben den Kursen und Weiterbildungen an der LFS Tirol auch Schulungen bei der\u00a0Interspiro\u00a0Academy besucht. Auch heuer werden sie im August die Rezertifizierung ihrer Ausbildung ablegen und sich in diesem Zuge wieder intensiv mit den Trainern bzw. dem Servicepersonal des Atemschutzger\u00e4teherstellers austauschen.<br \/>Am 9. M\u00e4rz\u00a02023 konnte die Freiwillige Feuerwehr der Stadt W\u00f6rgl das neue TLFA\u00a03000\/200 mit Tunnelausstattung in Empfang nehmen. Abweichend zum fr\u00fcheren Tunnell\u00f6schfahrzeug besitzt dieses Fahrzeug in der Grundausstattung ein Atemschutzger\u00e4t mehr und ist somit mit sieben ATS-Ger\u00e4ten ausgestattet.\u00a0Hierf\u00fcr wurde das bereits 2019 angekaufte Reserveger\u00e4t verwendet, weshalb man auf das Backup eines Reserveger\u00e4tes verzichten musste.<\/p><p>Wim Wessels \u00fcberraschte am 29. Juni 2023 die Feuerwehr W\u00f6rgl mit einem neuen Reserveger\u00e4t. Dieses konnte dem Kommando und dem Atemschutzteam feierlich \u00fcberreicht werden.<\/p><p>Durch das neue Reserveger\u00e4t profitiert nicht nur die Feuerwehr W\u00f6rgl, sondern auch die umliegenden Feuerwehren, falls am Servicestandort Hopfgarten kein Ger\u00e4t verf\u00fcgbar ist. Bei Bedarf kann es nach R\u00fccksprache mit dem W\u00f6rgler Atemschutzteam ausgeliehen werden.<\/p>\t\t\t\t\t\t<\/div>\n\t\t\t\t<\/div>\n\t\t\t\t\t<\/div>\n\t\t<\/div>\n\t\t\t\t\t<\/div>\n\t\t<\/section>\n\t\t\t\t<section class=\"elementor-section elementor-top-section elementor-element elementor-element-681317f elementor-section-boxed elementor-section-height-default elementor-section-height-default\" data-id=\"681317f\" data-element_type=\"section\">\n\t\t\t\t\t\t<div class=\"elementor-container elementor-column-gap-default\">\n\t\t\t\t\t<div class=\"elementor-column elementor-col-100 elementor-top-column elementor-element elementor-element-0cedcd4\" data-id=\"0cedcd4\" data-element_type=\"column\">\n\t\t\t<div class=\"elementor-widget-wrap elementor-element-populated\">\n\t\t\t\t\t\t<div class=\"elementor-element elementor-element-69c2cc3 elementor-widget elementor-widget-image\" data-id=\"69c2cc3\" data-element_type=\"widget\" data-widget_type=\"image.default\">\n\t\t\t\t<div class=\"elementor-widget-container\">\n\t\t\t\t\t\t\t\t\t\t\t\t\t<img decoding=\"async\" width=\"800\" height=\"533\" src=\"https:\/\/ff-woergl.at\/wp-content\/uploads\/2023\/10\/k-IMG_3225.jpg\" class=\"attachment-large size-large wp-image-3349\" alt=\"\" srcset=\"https:\/\/ff-woergl.at\/wp-content\/uploads\/2023\/10\/k-IMG_3225.jpg 800w, https:\/\/ff-woergl.at\/wp-content\/uploads\/2023\/10\/k-IMG_3225-300x200.jpg 300w, https:\/\/ff-woergl.at\/wp-content\/uploads\/2023\/10\/k-IMG_3225-768x512.jpg 768w, https:\/\/ff-woergl.at\/wp-content\/uploads\/2023\/10\/k-IMG_3225-720x480.jpg 720w\" sizes=\"(max-width: 800px) 100vw, 800px\" \/>\t\t\t\t\t\t\t\t\t\t\t\t\t<\/div>\n\t\t\t\t<\/div>\n\t\t\t\t\t<\/div>\n\t\t<\/div>\n\t\t\t\t\t<\/div>\n\t\t<\/section>\n\t\t\t\t<\/div>\n\t\t","protected":false},"excerpt":{"rendered":"<p>Weiteres Atemschutzger\u00e4t f\u00fcr die Feuerwehr W\u00f6rgl Die Firma\u00a0Interspiro\u00a0und die Freiwillige Feuerwehr der Stadt W\u00f6rgl pflegen eine seit\u00a0Jahrzehnten bestehende Partnerschaft. Die [&hellip;]<\/p>\n","protected":false},"author":9,"featured_media":3350,"comment_status":"closed","ping_status":"closed","sticky":false,"template":"","format":"standard","meta":{"footnotes":""},"categories":[25],"tags":[],"class_list":["post-3351","post","type-post","status-publish","format-standard","has-post-thumbnail","hentry","category-news","col-lg-4 col-md-6"],"_links":{"self":[{"href":"https:\/\/ff-woergl.at\/index.php\/wp-json\/wp\/v2\/posts\/3351","targetHints":{"allow":["GET"]}}],"collection":[{"href":"https:\/\/ff-woergl.at\/index.php\/wp-json\/wp\/v2\/posts"}],"about":[{"href":"https:\/\/ff-woergl.at\/index.php\/wp-json\/wp\/v2\/types\/post"}],"author":[{"embeddable":true,"href":"https:\/\/ff-woergl.at\/index.php\/wp-json\/wp\/v2\/users\/9"}],"replies":[{"embeddable":true,"href":"https:\/\/ff-woergl.at\/index.php\/wp-json\/wp\/v2\/comments?post=3351"}],"version-history":[{"count":8,"href":"https:\/\/ff-woergl.at\/index.php\/wp-json\/wp\/v2\/posts\/3351\/revisions"}],"predecessor-version":[{"id":5278,"href":"https:\/\/ff-woergl.at\/index.php\/wp-json\/wp\/v2\/posts\/3351\/revisions\/5278"}],"wp:featuredmedia":[{"embeddable":true,"href":"https:\/\/ff-woergl.at\/index.php\/wp-json\/wp\/v2\/media\/3350"}],"wp:attachment":[{"href":"https:\/\/ff-woergl.at\/index.php\/wp-json\/wp\/v2\/media?parent=3351"}],"wp:term":[{"taxonomy":"category","embeddable":true,"href":"https:\/\/ff-woergl.at\/index.php\/wp-json\/wp\/v2\/categories?post=3351"},{"taxonomy":"post_tag","embeddable":true,"href":"https:\/\/ff-woergl.at\/index.php\/wp-json\/wp\/v2\/tags?post=3351"}],"curies":[{"name":"wp","href":"https:\/\/api.w.org\/{rel}","templated":true}]}}