{"id":10709,"date":"2025-04-05T22:26:21","date_gmt":"2025-04-05T20:26:21","guid":{"rendered":"https:\/\/ff-woergl.at\/?p=10709"},"modified":"2025-04-06T22:40:59","modified_gmt":"2025-04-06T20:40:59","slug":"unterstuetzung-rd-personenrettung-dlk","status":"publish","type":"post","link":"https:\/\/ff-woergl.at\/index.php\/2025\/04\/05\/unterstuetzung-rd-personenrettung-dlk\/","title":{"rendered":"Unterst\u00fctzung RD | Personenrettung DLK"},"content":{"rendered":"\t\t<div data-elementor-type=\"wp-post\" data-elementor-id=\"10709\" class=\"elementor elementor-10709\" data-elementor-post-type=\"post\">\n\t\t\t\t\t\t<section class=\"elementor-section elementor-top-section elementor-element elementor-element-3e9f4f48 elementor-section-boxed elementor-section-height-default elementor-section-height-default\" data-id=\"3e9f4f48\" data-element_type=\"section\">\n\t\t\t\t\t\t<div class=\"elementor-container elementor-column-gap-default\">\n\t\t\t\t\t<div class=\"elementor-column elementor-col-100 elementor-top-column elementor-element elementor-element-3924b246\" data-id=\"3924b246\" data-element_type=\"column\">\n\t\t\t<div class=\"elementor-widget-wrap elementor-element-populated\">\n\t\t\t\t\t\t<div class=\"elementor-element elementor-element-1a52a81a elementor-widget elementor-widget-heading\" data-id=\"1a52a81a\" data-element_type=\"widget\" data-widget_type=\"heading.default\">\n\t\t\t\t<div class=\"elementor-widget-container\">\n\t\t\t<h1 class=\"elementor-heading-title elementor-size-default\">Unterst\u00fctzung Rettungsdienst | Personenrettung DLK<\/h1>\t\t<\/div>\n\t\t\t\t<\/div>\n\t\t\t\t<div class=\"elementor-element elementor-element-11961857 elementor-widget-divider--view-line elementor-widget elementor-widget-divider\" data-id=\"11961857\" data-element_type=\"widget\" data-widget_type=\"divider.default\">\n\t\t\t\t<div class=\"elementor-widget-container\">\n\t\t\t\t\t<div class=\"elementor-divider\">\n\t\t\t<span class=\"elementor-divider-separator\">\n\t\t\t\t\t\t<\/span>\n\t\t<\/div>\n\t\t\t\t<\/div>\n\t\t\t\t<\/div>\n\t\t\t\t\t<\/div>\n\t\t<\/div>\n\t\t\t\t\t<\/div>\n\t\t<\/section>\n\t\t\t\t<section class=\"elementor-section elementor-top-section elementor-element elementor-element-fb09321 elementor-section-boxed elementor-section-height-default elementor-section-height-default\" data-id=\"fb09321\" data-element_type=\"section\">\n\t\t\t\t\t\t<div class=\"elementor-container elementor-column-gap-default\">\n\t\t\t\t\t<div class=\"elementor-column elementor-col-100 elementor-top-column elementor-element elementor-element-5c45b7a4\" data-id=\"5c45b7a4\" data-element_type=\"column\">\n\t\t\t<div class=\"elementor-widget-wrap elementor-element-populated\">\n\t\t\t\t\t\t<div class=\"elementor-element elementor-element-78e44da2 elementor-widget elementor-widget-html\" data-id=\"78e44da2\" data-element_type=\"widget\" data-widget_type=\"html.default\">\n\t\t\t\t<div class=\"elementor-widget-container\">\n\t\t\t <style>\n     th{\n        width: 45%; \n        text-align: right;\n     }\n <\/style>\n <table>\n  <tr>\n    <th>Einsatznummer:<\/th>\n     <td>58<\/td>\n  <\/tr>\n  <tr>\n    <th>Alarmzeit:<\/th>\n     <td>05.04.2025 14:31 Uhr<\/td>\n  <\/tr>\n  <tr>\n    <th>Einsatzort:<\/th>\n     <td>W\u00f6rgl - Brixentaler Stra\u00dfe<\/td>\n  <\/tr>\n  <tr>\n    <th>Einsatztext:<\/th>\n     <td>Unterst\u00fctzung RD DLK<\/td>\n  <\/tr>\n  <tr>\n    <th>Eingesetzte Fahrzeuge:<\/th>\n     <td>KDO, LAST 2, RLFA<\/td>\n  <\/tr>\n   <tr>\n    <th>Weitere Organisationen:<\/th>\n     <td>Rettung, Notarzt, FF S\u00f6ll<\/td>\n  <\/tr>\n<\/table> \t\t<\/div>\n\t\t\t\t<\/div>\n\t\t\t\t\t<\/div>\n\t\t<\/div>\n\t\t\t\t\t<\/div>\n\t\t<\/section>\n\t\t\t\t<section class=\"elementor-section elementor-top-section elementor-element elementor-element-2385e836 elementor-section-boxed elementor-section-height-default elementor-section-height-default\" data-id=\"2385e836\" data-element_type=\"section\">\n\t\t\t\t\t\t<div class=\"elementor-container elementor-column-gap-default\">\n\t\t\t\t\t<div class=\"elementor-column elementor-col-100 elementor-top-column elementor-element elementor-element-5b344b2c\" data-id=\"5b344b2c\" data-element_type=\"column\">\n\t\t\t<div class=\"elementor-widget-wrap elementor-element-populated\">\n\t\t\t\t\t\t<div class=\"elementor-element elementor-element-79969cd4 elementor-widget elementor-widget-text-editor\" data-id=\"79969cd4\" data-element_type=\"widget\" data-widget_type=\"text-editor.default\">\n\t\t\t\t<div class=\"elementor-widget-container\">\n\t\t\t\t\t\t\t<p>Aufgrund eines medizinischen Problems wurde am Nachmittag des 05.04.2025 der Rettungsdienst in eine Hochhaus in die Brixentaler Stra\u00dfe gerufen. Aufgrund dessen, dass der Patient liegend zum Rettungstransportwagen transportiert werden musste, wurde die Feuerwehr mit einem Hubrettungsger\u00e4t nachgefordert. Da der Hubsteiger der Feuerwehr W\u00f6rgl aktuell au\u00dfer Dienst ist, wurde zus\u00e4tzlich die Feuerwehr S\u00f6ll hinzualarmiert.<\/p><p>Umgehend r\u00fcckten die Mitglieder der Feuerwehr W\u00f6rgl zum Einsatzort aus und bereiteten die Rettung des Patienten vor. In der Zwischenzeit traf die Freiwillige Feuerwehr S\u00f6ll mit der Drehleiter ein, welche folglich die Personenrettung durchf\u00fchrte.\u00a0<\/p>\t\t\t\t\t\t<\/div>\n\t\t\t\t<\/div>\n\t\t\t\t<div class=\"elementor-element elementor-element-46a4c88f elementor-widget elementor-widget-image-gallery\" data-id=\"46a4c88f\" data-element_type=\"widget\" data-widget_type=\"image-gallery.default\">\n\t\t\t\t<div class=\"elementor-widget-container\">\n\t\t\t\t\t<div class=\"elementor-image-gallery\">\n\t\t\t<div id='gallery-1' class='gallery galleryid-10709 gallery-columns-2 gallery-size-medium_large'><figure class='gallery-item'>\n\t\t\t<div class='gallery-icon landscape'>\n\t\t\t\t<a data-elementor-open-lightbox=\"yes\" data-elementor-lightbox-slideshow=\"46a4c88f\" data-elementor-lightbox-title=\"47e01434-70c7-4ac5-85a1-e7cf0bfae4d4\" data-e-action-hash=\"#elementor-action%3Aaction%3Dlightbox%26settings%3DeyJpZCI6MTA3MTIsInVybCI6Imh0dHBzOlwvXC9mZi13b2VyZ2wuYXRcL3dwLWNvbnRlbnRcL3VwbG9hZHNcLzIwMjVcLzA0XC80N2UwMTQzNC03MGM3LTRhYzUtODVhMS1lN2NmMGJmYWU0ZDQuanBnIiwic2xpZGVzaG93IjoiNDZhNGM4OGYifQ%3D%3D\" href='https:\/\/ff-woergl.at\/wp-content\/uploads\/2025\/04\/47e01434-70c7-4ac5-85a1-e7cf0bfae4d4.jpg'><img fetchpriority=\"high\" decoding=\"async\" width=\"768\" height=\"576\" src=\"https:\/\/ff-woergl.at\/wp-content\/uploads\/2025\/04\/47e01434-70c7-4ac5-85a1-e7cf0bfae4d4-768x576.jpg\" class=\"attachment-medium_large size-medium_large\" alt=\"\" srcset=\"https:\/\/ff-woergl.at\/wp-content\/uploads\/2025\/04\/47e01434-70c7-4ac5-85a1-e7cf0bfae4d4-768x576.jpg 768w, https:\/\/ff-woergl.at\/wp-content\/uploads\/2025\/04\/47e01434-70c7-4ac5-85a1-e7cf0bfae4d4-300x225.jpg 300w, https:\/\/ff-woergl.at\/wp-content\/uploads\/2025\/04\/47e01434-70c7-4ac5-85a1-e7cf0bfae4d4-1024x768.jpg 1024w, https:\/\/ff-woergl.at\/wp-content\/uploads\/2025\/04\/47e01434-70c7-4ac5-85a1-e7cf0bfae4d4-1536x1152.jpg 1536w, https:\/\/ff-woergl.at\/wp-content\/uploads\/2025\/04\/47e01434-70c7-4ac5-85a1-e7cf0bfae4d4-720x540.jpg 720w, https:\/\/ff-woergl.at\/wp-content\/uploads\/2025\/04\/47e01434-70c7-4ac5-85a1-e7cf0bfae4d4.jpg 2040w\" sizes=\"(max-width: 768px) 100vw, 768px\" \/><\/a>\n\t\t\t<\/div><\/figure><figure class='gallery-item'>\n\t\t\t<div class='gallery-icon landscape'>\n\t\t\t\t<a data-elementor-open-lightbox=\"yes\" data-elementor-lightbox-slideshow=\"46a4c88f\" data-elementor-lightbox-title=\"IMG_7148\" data-e-action-hash=\"#elementor-action%3Aaction%3Dlightbox%26settings%3DeyJpZCI6MTA3MTMsInVybCI6Imh0dHBzOlwvXC9mZi13b2VyZ2wuYXRcL3dwLWNvbnRlbnRcL3VwbG9hZHNcLzIwMjVcLzA0XC9JTUdfNzE0OC1zY2FsZWQuanBnIiwic2xpZGVzaG93IjoiNDZhNGM4OGYifQ%3D%3D\" href='https:\/\/ff-woergl.at\/wp-content\/uploads\/2025\/04\/IMG_7148-scaled.jpg'><img decoding=\"async\" width=\"768\" height=\"576\" src=\"https:\/\/ff-woergl.at\/wp-content\/uploads\/2025\/04\/IMG_7148-768x576.jpg\" class=\"attachment-medium_large size-medium_large\" alt=\"\" srcset=\"https:\/\/ff-woergl.at\/wp-content\/uploads\/2025\/04\/IMG_7148-768x576.jpg 768w, https:\/\/ff-woergl.at\/wp-content\/uploads\/2025\/04\/IMG_7148-300x225.jpg 300w, https:\/\/ff-woergl.at\/wp-content\/uploads\/2025\/04\/IMG_7148-1024x768.jpg 1024w, https:\/\/ff-woergl.at\/wp-content\/uploads\/2025\/04\/IMG_7148-1536x1152.jpg 1536w, https:\/\/ff-woergl.at\/wp-content\/uploads\/2025\/04\/IMG_7148-2048x1536.jpg 2048w, https:\/\/ff-woergl.at\/wp-content\/uploads\/2025\/04\/IMG_7148-720x540.jpg 720w\" sizes=\"(max-width: 768px) 100vw, 768px\" \/><\/a>\n\t\t\t<\/div><\/figure><figure class='gallery-item'>\n\t\t\t<div class='gallery-icon landscape'>\n\t\t\t\t<a data-elementor-open-lightbox=\"yes\" data-elementor-lightbox-slideshow=\"46a4c88f\" data-elementor-lightbox-title=\"IMG_7152\" data-e-action-hash=\"#elementor-action%3Aaction%3Dlightbox%26settings%3DeyJpZCI6MTA3MTQsInVybCI6Imh0dHBzOlwvXC9mZi13b2VyZ2wuYXRcL3dwLWNvbnRlbnRcL3VwbG9hZHNcLzIwMjVcLzA0XC9JTUdfNzE1Mi1zY2FsZWQuanBnIiwic2xpZGVzaG93IjoiNDZhNGM4OGYifQ%3D%3D\" href='https:\/\/ff-woergl.at\/wp-content\/uploads\/2025\/04\/IMG_7152-scaled.jpg'><img decoding=\"async\" width=\"768\" height=\"576\" src=\"https:\/\/ff-woergl.at\/wp-content\/uploads\/2025\/04\/IMG_7152-768x576.jpg\" class=\"attachment-medium_large size-medium_large\" alt=\"\" srcset=\"https:\/\/ff-woergl.at\/wp-content\/uploads\/2025\/04\/IMG_7152-768x576.jpg 768w, https:\/\/ff-woergl.at\/wp-content\/uploads\/2025\/04\/IMG_7152-300x225.jpg 300w, https:\/\/ff-woergl.at\/wp-content\/uploads\/2025\/04\/IMG_7152-1024x768.jpg 1024w, https:\/\/ff-woergl.at\/wp-content\/uploads\/2025\/04\/IMG_7152-1536x1152.jpg 1536w, https:\/\/ff-woergl.at\/wp-content\/uploads\/2025\/04\/IMG_7152-2048x1536.jpg 2048w, https:\/\/ff-woergl.at\/wp-content\/uploads\/2025\/04\/IMG_7152-720x540.jpg 720w\" sizes=\"(max-width: 768px) 100vw, 768px\" \/><\/a>\n\t\t\t<\/div><\/figure><figure class='gallery-item'>\n\t\t\t<div class='gallery-icon landscape'>\n\t\t\t\t<a data-elementor-open-lightbox=\"yes\" data-elementor-lightbox-slideshow=\"46a4c88f\" data-elementor-lightbox-title=\"IMG_7156\" data-e-action-hash=\"#elementor-action%3Aaction%3Dlightbox%26settings%3DeyJpZCI6MTA3MTUsInVybCI6Imh0dHBzOlwvXC9mZi13b2VyZ2wuYXRcL3dwLWNvbnRlbnRcL3VwbG9hZHNcLzIwMjVcLzA0XC9JTUdfNzE1Ni1zY2FsZWQuanBnIiwic2xpZGVzaG93IjoiNDZhNGM4OGYifQ%3D%3D\" href='https:\/\/ff-woergl.at\/wp-content\/uploads\/2025\/04\/IMG_7156-scaled.jpg'><img loading=\"lazy\" decoding=\"async\" width=\"768\" height=\"576\" src=\"https:\/\/ff-woergl.at\/wp-content\/uploads\/2025\/04\/IMG_7156-768x576.jpg\" class=\"attachment-medium_large size-medium_large\" alt=\"\" srcset=\"https:\/\/ff-woergl.at\/wp-content\/uploads\/2025\/04\/IMG_7156-768x576.jpg 768w, https:\/\/ff-woergl.at\/wp-content\/uploads\/2025\/04\/IMG_7156-300x225.jpg 300w, https:\/\/ff-woergl.at\/wp-content\/uploads\/2025\/04\/IMG_7156-1024x768.jpg 1024w, https:\/\/ff-woergl.at\/wp-content\/uploads\/2025\/04\/IMG_7156-1536x1152.jpg 1536w, https:\/\/ff-woergl.at\/wp-content\/uploads\/2025\/04\/IMG_7156-2048x1536.jpg 2048w, https:\/\/ff-woergl.at\/wp-content\/uploads\/2025\/04\/IMG_7156-720x540.jpg 720w\" sizes=\"(max-width: 768px) 100vw, 768px\" \/><\/a>\n\t\t\t<\/div><\/figure>\n\t\t<\/div>\n\t\t<\/div>\n\t\t\t\t<\/div>\n\t\t\t\t<\/div>\n\t\t\t\t\t<\/div>\n\t\t<\/div>\n\t\t\t\t\t<\/div>\n\t\t<\/section>\n\t\t\t\t<\/div>\n\t\t","protected":false},"excerpt":{"rendered":"<p>Unterst\u00fctzung Rettungsdienst | Personenrettung DLK Einsatznummer: 58 Alarmzeit: 05.04.2025 14:31 Uhr Einsatzort: W\u00f6rgl \u2013 Brixentaler Stra\u00dfe Einsatztext: Unterst\u00fctzung RD DLK [&hellip;]<\/p>\n","protected":false},"author":8,"featured_media":10712,"comment_status":"closed","ping_status":"closed","sticky":false,"template":"","format":"standard","meta":{"footnotes":""},"categories":[89],"tags":[],"class_list":["post-10709","post","type-post","status-publish","format-standard","has-post-thumbnail","hentry","category-einsatzberichte-2025","col-lg-4 col-md-6"],"_links":{"self":[{"href":"https:\/\/ff-woergl.at\/index.php\/wp-json\/wp\/v2\/posts\/10709","targetHints":{"allow":["GET"]}}],"collection":[{"href":"https:\/\/ff-woergl.at\/index.php\/wp-json\/wp\/v2\/posts"}],"about":[{"href":"https:\/\/ff-woergl.at\/index.php\/wp-json\/wp\/v2\/types\/post"}],"author":[{"embeddable":true,"href":"https:\/\/ff-woergl.at\/index.php\/wp-json\/wp\/v2\/users\/8"}],"replies":[{"embeddable":true,"href":"https:\/\/ff-woergl.at\/index.php\/wp-json\/wp\/v2\/comments?post=10709"}],"version-history":[{"count":7,"href":"https:\/\/ff-woergl.at\/index.php\/wp-json\/wp\/v2\/posts\/10709\/revisions"}],"predecessor-version":[{"id":10721,"href":"https:\/\/ff-woergl.at\/index.php\/wp-json\/wp\/v2\/posts\/10709\/revisions\/10721"}],"wp:featuredmedia":[{"embeddable":true,"href":"https:\/\/ff-woergl.at\/index.php\/wp-json\/wp\/v2\/media\/10712"}],"wp:attachment":[{"href":"https:\/\/ff-woergl.at\/index.php\/wp-json\/wp\/v2\/media?parent=10709"}],"wp:term":[{"taxonomy":"category","embeddable":true,"href":"https:\/\/ff-woergl.at\/index.php\/wp-json\/wp\/v2\/categories?post=10709"},{"taxonomy":"post_tag","embeddable":true,"href":"https:\/\/ff-woergl.at\/index.php\/wp-json\/wp\/v2\/tags?post=10709"}],"curies":[{"name":"wp","href":"https:\/\/api.w.org\/{rel}","templated":true}]}}