{"id":10565,"date":"2025-03-16T02:04:08","date_gmt":"2025-03-16T01:04:08","guid":{"rendered":"https:\/\/ff-woergl.at\/?p=10565"},"modified":"2025-03-22T02:14:51","modified_gmt":"2025-03-22T01:14:51","slug":"gasgeruch-gebaeude-kirchbichl","status":"publish","type":"post","link":"https:\/\/ff-woergl.at\/index.php\/2025\/03\/16\/gasgeruch-gebaeude-kirchbichl\/","title":{"rendered":"Gasgeruch Geb\u00e4ude | Kirchbichl"},"content":{"rendered":"\t\t<div data-elementor-type=\"wp-post\" data-elementor-id=\"10565\" class=\"elementor elementor-10565\" data-elementor-post-type=\"post\">\n\t\t\t\t\t\t<section class=\"elementor-section elementor-top-section elementor-element elementor-element-3b291f22 elementor-section-boxed elementor-section-height-default elementor-section-height-default\" data-id=\"3b291f22\" data-element_type=\"section\">\n\t\t\t\t\t\t<div class=\"elementor-container elementor-column-gap-default\">\n\t\t\t\t\t<div class=\"elementor-column elementor-col-100 elementor-top-column elementor-element elementor-element-56350dcf\" data-id=\"56350dcf\" data-element_type=\"column\">\n\t\t\t<div class=\"elementor-widget-wrap elementor-element-populated\">\n\t\t\t\t\t\t<div class=\"elementor-element elementor-element-16a45e48 elementor-widget elementor-widget-heading\" data-id=\"16a45e48\" data-element_type=\"widget\" data-widget_type=\"heading.default\">\n\t\t\t\t<div class=\"elementor-widget-container\">\n\t\t\t<h1 class=\"elementor-heading-title elementor-size-default\">Gasgeruch Geb\u00e4ude | Kirchbichl<\/h1>\t\t<\/div>\n\t\t\t\t<\/div>\n\t\t\t\t<div class=\"elementor-element elementor-element-26320d97 elementor-widget-divider--view-line elementor-widget elementor-widget-divider\" data-id=\"26320d97\" data-element_type=\"widget\" data-widget_type=\"divider.default\">\n\t\t\t\t<div class=\"elementor-widget-container\">\n\t\t\t\t\t<div class=\"elementor-divider\">\n\t\t\t<span class=\"elementor-divider-separator\">\n\t\t\t\t\t\t<\/span>\n\t\t<\/div>\n\t\t\t\t<\/div>\n\t\t\t\t<\/div>\n\t\t\t\t\t<\/div>\n\t\t<\/div>\n\t\t\t\t\t<\/div>\n\t\t<\/section>\n\t\t\t\t<section class=\"elementor-section elementor-top-section elementor-element elementor-element-451f99cf elementor-section-boxed elementor-section-height-default elementor-section-height-default\" data-id=\"451f99cf\" data-element_type=\"section\">\n\t\t\t\t\t\t<div class=\"elementor-container elementor-column-gap-default\">\n\t\t\t\t\t<div class=\"elementor-column elementor-col-100 elementor-top-column elementor-element elementor-element-41ee0f8c\" data-id=\"41ee0f8c\" data-element_type=\"column\">\n\t\t\t<div class=\"elementor-widget-wrap elementor-element-populated\">\n\t\t\t\t\t\t<div class=\"elementor-element elementor-element-131fc1a4 elementor-widget elementor-widget-html\" data-id=\"131fc1a4\" data-element_type=\"widget\" data-widget_type=\"html.default\">\n\t\t\t\t<div class=\"elementor-widget-container\">\n\t\t\t <style>\n     th{\n        width: 45%; \n        text-align: right;\n     }\n <\/style>\n <table>\n  <tr>\n    <th>Einsatznummer:<\/th>\n     <td>40<\/td>\n  <\/tr>\n  <tr>\n    <th>Alarmzeit:<\/th>\n     <td>16.03.2025 18:34 Uhr<\/td>\n  <\/tr>\n  <tr>\n    <th>Einsatzort:<\/th>\n     <td>Kirchbichl - S. Frisch Stra\u00dfe<\/td>\n  <\/tr>\n  <tr>\n    <th>Einsatztext:<\/th>\n     <td>Gasgeruch Geb\u00e4ude<\/td>\n  <\/tr>\n  <tr>\n    <th>Eingesetzte Fahrzeuge:<\/th>\n     <td>KDO, WLF + Messger\u00e4t, KLFA<\/td>\n  <\/tr>\n   <tr>\n    <th>Weitere Organisationen:<\/th>\n     <td>FF Kirchbichl, FF Kastengstatt, TIGAS, Polizei<\/td>\n  <\/tr>\n<\/table> \t\t<\/div>\n\t\t\t\t<\/div>\n\t\t\t\t\t<\/div>\n\t\t<\/div>\n\t\t\t\t\t<\/div>\n\t\t<\/section>\n\t\t\t\t<section class=\"elementor-section elementor-top-section elementor-element elementor-element-6aebf676 elementor-section-boxed elementor-section-height-default elementor-section-height-default\" data-id=\"6aebf676\" data-element_type=\"section\">\n\t\t\t\t\t\t<div class=\"elementor-container elementor-column-gap-default\">\n\t\t\t\t\t<div class=\"elementor-column elementor-col-100 elementor-top-column elementor-element elementor-element-385d13cf\" data-id=\"385d13cf\" data-element_type=\"column\">\n\t\t\t<div class=\"elementor-widget-wrap elementor-element-populated\">\n\t\t\t\t\t\t<div class=\"elementor-element elementor-element-7dd94c12 elementor-widget elementor-widget-text-editor\" data-id=\"7dd94c12\" data-element_type=\"widget\" data-widget_type=\"text-editor.default\">\n\t\t\t\t<div class=\"elementor-widget-container\">\n\t\t\t\t\t\t\t<div class=\"x11i5rnm xat24cr x1mh8g0r x1vvkbs xtlvy1s x126k92a\"><div dir=\"auto\">Am 16.03.2025 um 18:35 Uhr wurde die Feuerwehr W\u00f6rgl, zusammen mit der Feuerwehr Kirchbichl und Kastengstatt zu einem Gasgeruch in einem Wohngeb\u00e4ude alarmiert.<\/div><div dir=\"auto\">\u00a0<\/div><\/div><div class=\"x11i5rnm xat24cr x1mh8g0r x1vvkbs xtlvy1s x126k92a\"><div dir=\"auto\">Die Mitglieder der Feuerwehr W\u00f6rgl r\u00fcckten daraufhin umgehend zum Einsatzort aus. Vor Ort wurden die R\u00e4umlichkeiten mittels Messger\u00e4t \u00fcberpr\u00fcft bzw. kontrolliert. Gl\u00fccklicherweise konnte kein gef\u00e4hrliches Gas in der Luft gemessen werden. Im Anschluss wurde dies dann noch mit einem Messger\u00e4t der TIGAS \u00fcberpr\u00fcft.<\/div><\/div><div class=\"x11i5rnm xat24cr x1mh8g0r x1vvkbs xtlvy1s x126k92a\"><div dir=\"auto\">Die Feuerwehr W\u00f6rgl konnte nach ca. 30min den Einsatz beenden und ins Ger\u00e4tehaus einr\u00fccken.<\/div><\/div>\t\t\t\t\t\t<\/div>\n\t\t\t\t<\/div>\n\t\t\t\t<div class=\"elementor-element elementor-element-7623226f elementor-widget elementor-widget-image-gallery\" data-id=\"7623226f\" data-element_type=\"widget\" data-widget_type=\"image-gallery.default\">\n\t\t\t\t<div class=\"elementor-widget-container\">\n\t\t\t\t\t<div class=\"elementor-image-gallery\">\n\t\t\t<div id='gallery-1' class='gallery galleryid-10565 gallery-columns-2 gallery-size-medium_large'><figure class='gallery-item'>\n\t\t\t<div class='gallery-icon landscape'>\n\t\t\t\t<a data-elementor-open-lightbox=\"yes\" data-elementor-lightbox-slideshow=\"7623226f\" data-elementor-lightbox-title=\"01081183\" data-e-action-hash=\"#elementor-action%3Aaction%3Dlightbox%26settings%3DeyJpZCI6MTA1NjgsInVybCI6Imh0dHBzOlwvXC9mZi13b2VyZ2wuYXRcL3dwLWNvbnRlbnRcL3VwbG9hZHNcLzIwMjVcLzAzXC8wMTA4MTE4My1zY2FsZWQuanBnIiwic2xpZGVzaG93IjoiNzYyMzIyNmYifQ%3D%3D\" href='https:\/\/ff-woergl.at\/wp-content\/uploads\/2025\/03\/01081183-scaled.jpg'><img fetchpriority=\"high\" decoding=\"async\" width=\"768\" height=\"512\" src=\"https:\/\/ff-woergl.at\/wp-content\/uploads\/2025\/03\/01081183-768x512.jpg\" class=\"attachment-medium_large size-medium_large\" alt=\"\" srcset=\"https:\/\/ff-woergl.at\/wp-content\/uploads\/2025\/03\/01081183-768x512.jpg 768w, https:\/\/ff-woergl.at\/wp-content\/uploads\/2025\/03\/01081183-300x200.jpg 300w, https:\/\/ff-woergl.at\/wp-content\/uploads\/2025\/03\/01081183-1024x683.jpg 1024w, https:\/\/ff-woergl.at\/wp-content\/uploads\/2025\/03\/01081183-1536x1024.jpg 1536w, https:\/\/ff-woergl.at\/wp-content\/uploads\/2025\/03\/01081183-2048x1365.jpg 2048w, https:\/\/ff-woergl.at\/wp-content\/uploads\/2025\/03\/01081183-720x480.jpg 720w\" sizes=\"(max-width: 768px) 100vw, 768px\" \/><\/a>\n\t\t\t<\/div><\/figure><figure class='gallery-item'>\n\t\t\t<div class='gallery-icon landscape'>\n\t\t\t\t<a data-elementor-open-lightbox=\"yes\" data-elementor-lightbox-slideshow=\"7623226f\" data-elementor-lightbox-title=\"01081168\" data-e-action-hash=\"#elementor-action%3Aaction%3Dlightbox%26settings%3DeyJpZCI6MTA1NjksInVybCI6Imh0dHBzOlwvXC9mZi13b2VyZ2wuYXRcL3dwLWNvbnRlbnRcL3VwbG9hZHNcLzIwMjVcLzAzXC8wMTA4MTE2OC1zY2FsZWQuanBnIiwic2xpZGVzaG93IjoiNzYyMzIyNmYifQ%3D%3D\" href='https:\/\/ff-woergl.at\/wp-content\/uploads\/2025\/03\/01081168-scaled.jpg'><img decoding=\"async\" width=\"768\" height=\"512\" src=\"https:\/\/ff-woergl.at\/wp-content\/uploads\/2025\/03\/01081168-768x512.jpg\" class=\"attachment-medium_large size-medium_large\" alt=\"\" srcset=\"https:\/\/ff-woergl.at\/wp-content\/uploads\/2025\/03\/01081168-768x512.jpg 768w, https:\/\/ff-woergl.at\/wp-content\/uploads\/2025\/03\/01081168-300x200.jpg 300w, https:\/\/ff-woergl.at\/wp-content\/uploads\/2025\/03\/01081168-1024x683.jpg 1024w, https:\/\/ff-woergl.at\/wp-content\/uploads\/2025\/03\/01081168-1536x1024.jpg 1536w, https:\/\/ff-woergl.at\/wp-content\/uploads\/2025\/03\/01081168-2048x1365.jpg 2048w, https:\/\/ff-woergl.at\/wp-content\/uploads\/2025\/03\/01081168-720x480.jpg 720w\" sizes=\"(max-width: 768px) 100vw, 768px\" \/><\/a>\n\t\t\t<\/div><\/figure><figure class='gallery-item'>\n\t\t\t<div class='gallery-icon landscape'>\n\t\t\t\t<a data-elementor-open-lightbox=\"yes\" data-elementor-lightbox-slideshow=\"7623226f\" data-elementor-lightbox-title=\"01081175\" data-e-action-hash=\"#elementor-action%3Aaction%3Dlightbox%26settings%3DeyJpZCI6MTA1NzAsInVybCI6Imh0dHBzOlwvXC9mZi13b2VyZ2wuYXRcL3dwLWNvbnRlbnRcL3VwbG9hZHNcLzIwMjVcLzAzXC8wMTA4MTE3NS1zY2FsZWQuanBnIiwic2xpZGVzaG93IjoiNzYyMzIyNmYifQ%3D%3D\" href='https:\/\/ff-woergl.at\/wp-content\/uploads\/2025\/03\/01081175-scaled.jpg'><img decoding=\"async\" width=\"768\" height=\"512\" src=\"https:\/\/ff-woergl.at\/wp-content\/uploads\/2025\/03\/01081175-768x512.jpg\" class=\"attachment-medium_large size-medium_large\" alt=\"\" srcset=\"https:\/\/ff-woergl.at\/wp-content\/uploads\/2025\/03\/01081175-768x512.jpg 768w, https:\/\/ff-woergl.at\/wp-content\/uploads\/2025\/03\/01081175-300x200.jpg 300w, https:\/\/ff-woergl.at\/wp-content\/uploads\/2025\/03\/01081175-1024x683.jpg 1024w, https:\/\/ff-woergl.at\/wp-content\/uploads\/2025\/03\/01081175-1536x1024.jpg 1536w, https:\/\/ff-woergl.at\/wp-content\/uploads\/2025\/03\/01081175-2048x1365.jpg 2048w, https:\/\/ff-woergl.at\/wp-content\/uploads\/2025\/03\/01081175-720x480.jpg 720w\" sizes=\"(max-width: 768px) 100vw, 768px\" \/><\/a>\n\t\t\t<\/div><\/figure><figure class='gallery-item'>\n\t\t\t<div class='gallery-icon landscape'>\n\t\t\t\t<a data-elementor-open-lightbox=\"yes\" data-elementor-lightbox-slideshow=\"7623226f\" data-elementor-lightbox-title=\"01081181\" data-e-action-hash=\"#elementor-action%3Aaction%3Dlightbox%26settings%3DeyJpZCI6MTA1NzEsInVybCI6Imh0dHBzOlwvXC9mZi13b2VyZ2wuYXRcL3dwLWNvbnRlbnRcL3VwbG9hZHNcLzIwMjVcLzAzXC8wMTA4MTE4MS1zY2FsZWQuanBnIiwic2xpZGVzaG93IjoiNzYyMzIyNmYifQ%3D%3D\" href='https:\/\/ff-woergl.at\/wp-content\/uploads\/2025\/03\/01081181-scaled.jpg'><img loading=\"lazy\" decoding=\"async\" width=\"768\" height=\"512\" src=\"https:\/\/ff-woergl.at\/wp-content\/uploads\/2025\/03\/01081181-768x512.jpg\" class=\"attachment-medium_large size-medium_large\" alt=\"\" srcset=\"https:\/\/ff-woergl.at\/wp-content\/uploads\/2025\/03\/01081181-768x512.jpg 768w, https:\/\/ff-woergl.at\/wp-content\/uploads\/2025\/03\/01081181-300x200.jpg 300w, https:\/\/ff-woergl.at\/wp-content\/uploads\/2025\/03\/01081181-1024x683.jpg 1024w, https:\/\/ff-woergl.at\/wp-content\/uploads\/2025\/03\/01081181-1536x1024.jpg 1536w, https:\/\/ff-woergl.at\/wp-content\/uploads\/2025\/03\/01081181-2048x1365.jpg 2048w, https:\/\/ff-woergl.at\/wp-content\/uploads\/2025\/03\/01081181-720x480.jpg 720w\" sizes=\"(max-width: 768px) 100vw, 768px\" \/><\/a>\n\t\t\t<\/div><\/figure>\n\t\t<\/div>\n\t\t<\/div>\n\t\t\t\t<\/div>\n\t\t\t\t<\/div>\n\t\t\t\t\t<\/div>\n\t\t<\/div>\n\t\t\t\t\t<\/div>\n\t\t<\/section>\n\t\t\t\t<\/div>\n\t\t","protected":false},"excerpt":{"rendered":"<p>Gasgeruch Geb\u00e4ude | Kirchbichl Einsatznummer: 40 Alarmzeit: 16.03.2025 18:34 Uhr Einsatzort: Kirchbichl \u2013 S. Frisch Stra\u00dfe Einsatztext: Gasgeruch Geb\u00e4ude Eingesetzte [&hellip;]<\/p>\n","protected":false},"author":8,"featured_media":10571,"comment_status":"closed","ping_status":"closed","sticky":false,"template":"","format":"standard","meta":{"footnotes":""},"categories":[89],"tags":[],"class_list":["post-10565","post","type-post","status-publish","format-standard","has-post-thumbnail","hentry","category-einsatzberichte-2025","col-lg-4 col-md-6"],"_links":{"self":[{"href":"https:\/\/ff-woergl.at\/index.php\/wp-json\/wp\/v2\/posts\/10565","targetHints":{"allow":["GET"]}}],"collection":[{"href":"https:\/\/ff-woergl.at\/index.php\/wp-json\/wp\/v2\/posts"}],"about":[{"href":"https:\/\/ff-woergl.at\/index.php\/wp-json\/wp\/v2\/types\/post"}],"author":[{"embeddable":true,"href":"https:\/\/ff-woergl.at\/index.php\/wp-json\/wp\/v2\/users\/8"}],"replies":[{"embeddable":true,"href":"https:\/\/ff-woergl.at\/index.php\/wp-json\/wp\/v2\/comments?post=10565"}],"version-history":[{"count":7,"href":"https:\/\/ff-woergl.at\/index.php\/wp-json\/wp\/v2\/posts\/10565\/revisions"}],"predecessor-version":[{"id":10577,"href":"https:\/\/ff-woergl.at\/index.php\/wp-json\/wp\/v2\/posts\/10565\/revisions\/10577"}],"wp:featuredmedia":[{"embeddable":true,"href":"https:\/\/ff-woergl.at\/index.php\/wp-json\/wp\/v2\/media\/10571"}],"wp:attachment":[{"href":"https:\/\/ff-woergl.at\/index.php\/wp-json\/wp\/v2\/media?parent=10565"}],"wp:term":[{"taxonomy":"category","embeddable":true,"href":"https:\/\/ff-woergl.at\/index.php\/wp-json\/wp\/v2\/categories?post=10565"},{"taxonomy":"post_tag","embeddable":true,"href":"https:\/\/ff-woergl.at\/index.php\/wp-json\/wp\/v2\/tags?post=10565"}],"curies":[{"name":"wp","href":"https:\/\/api.w.org\/{rel}","templated":true}]}}