{"id":10372,"date":"2025-02-13T23:02:25","date_gmt":"2025-02-13T22:02:25","guid":{"rendered":"https:\/\/ff-woergl.at\/?p=10372"},"modified":"2025-02-16T23:17:18","modified_gmt":"2025-02-16T22:17:18","slug":"hoerg-uebung-abseilen-und-kameradenrettung","status":"publish","type":"post","link":"https:\/\/ff-woergl.at\/index.php\/2025\/02\/13\/hoerg-uebung-abseilen-und-kameradenrettung\/","title":{"rendered":"H\u00d6RG-\u00dcbung | Abseilen und Kameradenrettung"},"content":{"rendered":"\t\t<div data-elementor-type=\"wp-post\" data-elementor-id=\"10372\" class=\"elementor elementor-10372\" data-elementor-post-type=\"post\">\n\t\t\t\t\t\t<section class=\"elementor-section elementor-top-section elementor-element elementor-element-1ea24e40 elementor-section-boxed elementor-section-height-default elementor-section-height-default\" data-id=\"1ea24e40\" data-element_type=\"section\">\n\t\t\t\t\t\t<div class=\"elementor-container elementor-column-gap-default\">\n\t\t\t\t\t<div class=\"elementor-column elementor-col-100 elementor-top-column elementor-element elementor-element-14c89baa\" data-id=\"14c89baa\" data-element_type=\"column\">\n\t\t\t<div class=\"elementor-widget-wrap elementor-element-populated\">\n\t\t\t\t\t\t<div class=\"elementor-element elementor-element-2b4e396 elementor-widget elementor-widget-heading\" data-id=\"2b4e396\" data-element_type=\"widget\" data-widget_type=\"heading.default\">\n\t\t\t\t<div class=\"elementor-widget-container\">\n\t\t\t<h1 class=\"elementor-heading-title elementor-size-default\">H\u00d6RG-\u00dcBUNG: Abseilen und Kameradenrettung<\/h1>\t\t<\/div>\n\t\t\t\t<\/div>\n\t\t\t\t<div class=\"elementor-element elementor-element-2137dd94 elementor-widget-divider--view-line elementor-widget elementor-widget-divider\" data-id=\"2137dd94\" data-element_type=\"widget\" data-widget_type=\"divider.default\">\n\t\t\t\t<div class=\"elementor-widget-container\">\n\t\t\t\t\t<div class=\"elementor-divider\">\n\t\t\t<span class=\"elementor-divider-separator\">\n\t\t\t\t\t\t<\/span>\n\t\t<\/div>\n\t\t\t\t<\/div>\n\t\t\t\t<\/div>\n\t\t\t\t\t<\/div>\n\t\t<\/div>\n\t\t\t\t\t<\/div>\n\t\t<\/section>\n\t\t\t\t<section class=\"elementor-section elementor-top-section elementor-element elementor-element-2487c1f6 elementor-section-boxed elementor-section-height-default elementor-section-height-default\" data-id=\"2487c1f6\" data-element_type=\"section\">\n\t\t\t\t\t\t<div class=\"elementor-container elementor-column-gap-default\">\n\t\t\t\t\t<div class=\"elementor-column elementor-col-100 elementor-top-column elementor-element elementor-element-650499e5\" data-id=\"650499e5\" data-element_type=\"column\">\n\t\t\t<div class=\"elementor-widget-wrap elementor-element-populated\">\n\t\t\t\t\t\t<div class=\"elementor-element elementor-element-42708bff elementor-widget elementor-widget-text-editor\" data-id=\"42708bff\" data-element_type=\"widget\" data-widget_type=\"text-editor.default\">\n\t\t\t\t<div class=\"elementor-widget-container\">\n\t\t\t\t\t\t\t<p>Am 13.02.2025 startete die H\u00f6henrettungsgruppe der Feuerwehr W\u00f6rgl nach einer kurzen Winterpause wieder mit dem regelm\u00e4\u00dfigen \u00dcbungsbetrieb.\u00a0<\/p><p>Bei dieser \u00dcbung lag der Schwerpunkt auf verschiedene Abseiltechniken und auch das Retten eines Kameraden, welcher ins Seil gefallen ist.\u00a0<\/p>\t\t\t\t\t\t<\/div>\n\t\t\t\t<\/div>\n\t\t\t\t<div class=\"elementor-element elementor-element-5917948 elementor-widget elementor-widget-gallery\" data-id=\"5917948\" data-element_type=\"widget\" data-settings=\"{&quot;gallery_layout&quot;:&quot;masonry&quot;,&quot;columns&quot;:3,&quot;gap&quot;:{&quot;unit&quot;:&quot;px&quot;,&quot;size&quot;:14,&quot;sizes&quot;:[]},&quot;lazyload&quot;:&quot;yes&quot;,&quot;columns_tablet&quot;:2,&quot;columns_mobile&quot;:1,&quot;gap_tablet&quot;:{&quot;unit&quot;:&quot;px&quot;,&quot;size&quot;:10,&quot;sizes&quot;:[]},&quot;gap_mobile&quot;:{&quot;unit&quot;:&quot;px&quot;,&quot;size&quot;:10,&quot;sizes&quot;:[]},&quot;link_to&quot;:&quot;file&quot;,&quot;overlay_background&quot;:&quot;yes&quot;,&quot;content_hover_animation&quot;:&quot;fade-in&quot;}\" data-widget_type=\"gallery.default\">\n\t\t\t\t<div class=\"elementor-widget-container\">\n\t\t\t\t\t<div class=\"elementor-gallery__container\">\n\t\t\t\t\t\t\t<a class=\"e-gallery-item elementor-gallery-item elementor-animated-content\" href=\"https:\/\/ff-woergl.at\/wp-content\/uploads\/2025\/02\/IMG_6220-scaled.jpg\" data-elementor-open-lightbox=\"yes\" data-elementor-lightbox-slideshow=\"5917948\" data-elementor-lightbox-title=\"IMG_6220\" data-e-action-hash=\"#elementor-action%3Aaction%3Dlightbox%26settings%3DeyJpZCI6MTAzODAsInVybCI6Imh0dHBzOlwvXC9mZi13b2VyZ2wuYXRcL3dwLWNvbnRlbnRcL3VwbG9hZHNcLzIwMjVcLzAyXC9JTUdfNjIyMC1zY2FsZWQuanBnIiwic2xpZGVzaG93IjoiNTkxNzk0OCJ9\">\n\t\t\t\t\t<div class=\"e-gallery-image elementor-gallery-item__image\" data-thumbnail=\"https:\/\/ff-woergl.at\/wp-content\/uploads\/2025\/02\/IMG_6220-300x225.jpg\" data-width=\"300\" data-height=\"225\" aria-label=\"\" role=\"img\" ><\/div>\n\t\t\t\t\t\t\t\t\t\t\t<div class=\"elementor-gallery-item__overlay\"><\/div>\n\t\t\t\t\t\t\t\t\t\t\t\t\t\t<\/a>\n\t\t\t\t\t\t\t<a class=\"e-gallery-item elementor-gallery-item elementor-animated-content\" href=\"https:\/\/ff-woergl.at\/wp-content\/uploads\/2025\/02\/64642543-96e0-4867-9ba1-780f6b49cb6a.jpg\" data-elementor-open-lightbox=\"yes\" data-elementor-lightbox-slideshow=\"5917948\" data-elementor-lightbox-title=\"64642543-96e0-4867-9ba1-780f6b49cb6a\" data-e-action-hash=\"#elementor-action%3Aaction%3Dlightbox%26settings%3DeyJpZCI6MTAzNzgsInVybCI6Imh0dHBzOlwvXC9mZi13b2VyZ2wuYXRcL3dwLWNvbnRlbnRcL3VwbG9hZHNcLzIwMjVcLzAyXC82NDY0MjU0My05NmUwLTQ4NjctOWJhMS03ODBmNmI0OWNiNmEuanBnIiwic2xpZGVzaG93IjoiNTkxNzk0OCJ9\">\n\t\t\t\t\t<div class=\"e-gallery-image elementor-gallery-item__image\" data-thumbnail=\"https:\/\/ff-woergl.at\/wp-content\/uploads\/2025\/02\/64642543-96e0-4867-9ba1-780f6b49cb6a-225x300.jpg\" data-width=\"225\" data-height=\"300\" aria-label=\"\" role=\"img\" ><\/div>\n\t\t\t\t\t\t\t\t\t\t\t<div class=\"elementor-gallery-item__overlay\"><\/div>\n\t\t\t\t\t\t\t\t\t\t\t\t\t\t<\/a>\n\t\t\t\t\t\t\t<a class=\"e-gallery-item elementor-gallery-item elementor-animated-content\" href=\"https:\/\/ff-woergl.at\/wp-content\/uploads\/2025\/02\/IMG_6218-scaled.jpg\" data-elementor-open-lightbox=\"yes\" data-elementor-lightbox-slideshow=\"5917948\" data-elementor-lightbox-title=\"IMG_6218\" data-e-action-hash=\"#elementor-action%3Aaction%3Dlightbox%26settings%3DeyJpZCI6MTAzNzksInVybCI6Imh0dHBzOlwvXC9mZi13b2VyZ2wuYXRcL3dwLWNvbnRlbnRcL3VwbG9hZHNcLzIwMjVcLzAyXC9JTUdfNjIxOC1zY2FsZWQuanBnIiwic2xpZGVzaG93IjoiNTkxNzk0OCJ9\">\n\t\t\t\t\t<div class=\"e-gallery-image elementor-gallery-item__image\" data-thumbnail=\"https:\/\/ff-woergl.at\/wp-content\/uploads\/2025\/02\/IMG_6218-300x225.jpg\" data-width=\"300\" data-height=\"225\" aria-label=\"\" role=\"img\" ><\/div>\n\t\t\t\t\t\t\t\t\t\t\t<div class=\"elementor-gallery-item__overlay\"><\/div>\n\t\t\t\t\t\t\t\t\t\t\t\t\t\t<\/a>\n\t\t\t\t\t\t\t<a class=\"e-gallery-item elementor-gallery-item elementor-animated-content\" href=\"https:\/\/ff-woergl.at\/wp-content\/uploads\/2025\/02\/268a25a0-67ef-49ef-8f1f-8c48cec84742.jpg\" data-elementor-open-lightbox=\"yes\" data-elementor-lightbox-slideshow=\"5917948\" data-elementor-lightbox-title=\"268a25a0-67ef-49ef-8f1f-8c48cec84742\" data-e-action-hash=\"#elementor-action%3Aaction%3Dlightbox%26settings%3DeyJpZCI6MTAzNzcsInVybCI6Imh0dHBzOlwvXC9mZi13b2VyZ2wuYXRcL3dwLWNvbnRlbnRcL3VwbG9hZHNcLzIwMjVcLzAyXC8yNjhhMjVhMC02N2VmLTQ5ZWYtOGYxZi04YzQ4Y2VjODQ3NDIuanBnIiwic2xpZGVzaG93IjoiNTkxNzk0OCJ9\">\n\t\t\t\t\t<div class=\"e-gallery-image elementor-gallery-item__image\" data-thumbnail=\"https:\/\/ff-woergl.at\/wp-content\/uploads\/2025\/02\/268a25a0-67ef-49ef-8f1f-8c48cec84742-225x300.jpg\" data-width=\"225\" data-height=\"300\" aria-label=\"\" role=\"img\" ><\/div>\n\t\t\t\t\t\t\t\t\t\t\t<div class=\"elementor-gallery-item__overlay\"><\/div>\n\t\t\t\t\t\t\t\t\t\t\t\t\t\t<\/a>\n\t\t\t\t\t\t\t<a class=\"e-gallery-item elementor-gallery-item elementor-animated-content\" href=\"https:\/\/ff-woergl.at\/wp-content\/uploads\/2025\/02\/IMG_6222-scaled.jpg\" data-elementor-open-lightbox=\"yes\" data-elementor-lightbox-slideshow=\"5917948\" data-elementor-lightbox-title=\"IMG_6222\" data-e-action-hash=\"#elementor-action%3Aaction%3Dlightbox%26settings%3DeyJpZCI6MTAzNzUsInVybCI6Imh0dHBzOlwvXC9mZi13b2VyZ2wuYXRcL3dwLWNvbnRlbnRcL3VwbG9hZHNcLzIwMjVcLzAyXC9JTUdfNjIyMi1zY2FsZWQuanBnIiwic2xpZGVzaG93IjoiNTkxNzk0OCJ9\">\n\t\t\t\t\t<div class=\"e-gallery-image elementor-gallery-item__image\" data-thumbnail=\"https:\/\/ff-woergl.at\/wp-content\/uploads\/2025\/02\/IMG_6222-225x300.jpg\" data-width=\"225\" data-height=\"300\" aria-label=\"\" role=\"img\" ><\/div>\n\t\t\t\t\t\t\t\t\t\t\t<div class=\"elementor-gallery-item__overlay\"><\/div>\n\t\t\t\t\t\t\t\t\t\t\t\t\t\t<\/a>\n\t\t\t\t\t\t\t<a class=\"e-gallery-item elementor-gallery-item elementor-animated-content\" href=\"https:\/\/ff-woergl.at\/wp-content\/uploads\/2025\/02\/2f994c88-413f-4ef6-86e3-baa117320fd7.jpg\" data-elementor-open-lightbox=\"yes\" data-elementor-lightbox-slideshow=\"5917948\" data-elementor-lightbox-title=\"2f994c88-413f-4ef6-86e3-baa117320fd7\" data-e-action-hash=\"#elementor-action%3Aaction%3Dlightbox%26settings%3DeyJpZCI6MTAzNzYsInVybCI6Imh0dHBzOlwvXC9mZi13b2VyZ2wuYXRcL3dwLWNvbnRlbnRcL3VwbG9hZHNcLzIwMjVcLzAyXC8yZjk5NGM4OC00MTNmLTRlZjYtODZlMy1iYWExMTczMjBmZDcuanBnIiwic2xpZGVzaG93IjoiNTkxNzk0OCJ9\">\n\t\t\t\t\t<div class=\"e-gallery-image elementor-gallery-item__image\" data-thumbnail=\"https:\/\/ff-woergl.at\/wp-content\/uploads\/2025\/02\/2f994c88-413f-4ef6-86e3-baa117320fd7-300x225.jpg\" data-width=\"300\" data-height=\"225\" aria-label=\"\" role=\"img\" ><\/div>\n\t\t\t\t\t\t\t\t\t\t\t<div class=\"elementor-gallery-item__overlay\"><\/div>\n\t\t\t\t\t\t\t\t\t\t\t\t\t\t<\/a>\n\t\t\t\t\t<\/div>\n\t\t\t<\/div>\n\t\t\t\t<\/div>\n\t\t\t\t\t<\/div>\n\t\t<\/div>\n\t\t\t\t\t<\/div>\n\t\t<\/section>\n\t\t\t\t<\/div>\n\t\t","protected":false},"excerpt":{"rendered":"<p>H\u00d6RG-\u00dcBUNG: Abseilen und Kameradenrettung Am 13.02.2025 startete die H\u00f6henrettungsgruppe der Feuerwehr W\u00f6rgl nach einer kurzen Winterpause wieder mit dem regelm\u00e4\u00dfigen [&hellip;]<\/p>\n","protected":false},"author":8,"featured_media":10377,"comment_status":"closed","ping_status":"closed","sticky":false,"template":"","format":"standard","meta":{"footnotes":""},"categories":[79],"tags":[],"class_list":["post-10372","post","type-post","status-publish","format-standard","has-post-thumbnail","hentry","category-hoehenrettung","col-lg-4 col-md-6"],"_links":{"self":[{"href":"https:\/\/ff-woergl.at\/index.php\/wp-json\/wp\/v2\/posts\/10372","targetHints":{"allow":["GET"]}}],"collection":[{"href":"https:\/\/ff-woergl.at\/index.php\/wp-json\/wp\/v2\/posts"}],"about":[{"href":"https:\/\/ff-woergl.at\/index.php\/wp-json\/wp\/v2\/types\/post"}],"author":[{"embeddable":true,"href":"https:\/\/ff-woergl.at\/index.php\/wp-json\/wp\/v2\/users\/8"}],"replies":[{"embeddable":true,"href":"https:\/\/ff-woergl.at\/index.php\/wp-json\/wp\/v2\/comments?post=10372"}],"version-history":[{"count":5,"href":"https:\/\/ff-woergl.at\/index.php\/wp-json\/wp\/v2\/posts\/10372\/revisions"}],"predecessor-version":[{"id":10384,"href":"https:\/\/ff-woergl.at\/index.php\/wp-json\/wp\/v2\/posts\/10372\/revisions\/10384"}],"wp:featuredmedia":[{"embeddable":true,"href":"https:\/\/ff-woergl.at\/index.php\/wp-json\/wp\/v2\/media\/10377"}],"wp:attachment":[{"href":"https:\/\/ff-woergl.at\/index.php\/wp-json\/wp\/v2\/media?parent=10372"}],"wp:term":[{"taxonomy":"category","embeddable":true,"href":"https:\/\/ff-woergl.at\/index.php\/wp-json\/wp\/v2\/categories?post=10372"},{"taxonomy":"post_tag","embeddable":true,"href":"https:\/\/ff-woergl.at\/index.php\/wp-json\/wp\/v2\/tags?post=10372"}],"curies":[{"name":"wp","href":"https:\/\/api.w.org\/{rel}","templated":true}]}}