{"id":10246,"date":"2024-12-23T23:02:00","date_gmt":"2024-12-23T22:02:00","guid":{"rendered":"https:\/\/ff-woergl.at\/?p=10246"},"modified":"2024-12-29T23:07:49","modified_gmt":"2024-12-29T22:07:49","slug":"brand-fahrzeug-kleinbrand","status":"publish","type":"post","link":"https:\/\/ff-woergl.at\/index.php\/2024\/12\/23\/brand-fahrzeug-kleinbrand\/","title":{"rendered":"Brand Fahrzeug | Kleinbrand"},"content":{"rendered":"\t\t<div data-elementor-type=\"wp-post\" data-elementor-id=\"10246\" class=\"elementor elementor-10246\" data-elementor-post-type=\"post\">\n\t\t\t\t\t\t<section class=\"elementor-section elementor-top-section elementor-element elementor-element-17feedc7 elementor-section-boxed elementor-section-height-default elementor-section-height-default\" data-id=\"17feedc7\" data-element_type=\"section\">\n\t\t\t\t\t\t<div class=\"elementor-container elementor-column-gap-default\">\n\t\t\t\t\t<div class=\"elementor-column elementor-col-100 elementor-top-column elementor-element elementor-element-569bc17\" data-id=\"569bc17\" data-element_type=\"column\">\n\t\t\t<div class=\"elementor-widget-wrap elementor-element-populated\">\n\t\t\t\t\t\t<div class=\"elementor-element elementor-element-71212b75 elementor-widget elementor-widget-heading\" data-id=\"71212b75\" data-element_type=\"widget\" data-widget_type=\"heading.default\">\n\t\t\t\t<div class=\"elementor-widget-container\">\n\t\t\t<h1 class=\"elementor-heading-title elementor-size-default\">Brand Fahrzeug | Kleinbrand<\/h1>\t\t<\/div>\n\t\t\t\t<\/div>\n\t\t\t\t<div class=\"elementor-element elementor-element-2660d246 elementor-widget-divider--view-line elementor-widget elementor-widget-divider\" data-id=\"2660d246\" data-element_type=\"widget\" data-widget_type=\"divider.default\">\n\t\t\t\t<div class=\"elementor-widget-container\">\n\t\t\t\t\t<div class=\"elementor-divider\">\n\t\t\t<span class=\"elementor-divider-separator\">\n\t\t\t\t\t\t<\/span>\n\t\t<\/div>\n\t\t\t\t<\/div>\n\t\t\t\t<\/div>\n\t\t\t\t\t<\/div>\n\t\t<\/div>\n\t\t\t\t\t<\/div>\n\t\t<\/section>\n\t\t\t\t<section class=\"elementor-section elementor-top-section elementor-element elementor-element-464c581f elementor-section-boxed elementor-section-height-default elementor-section-height-default\" data-id=\"464c581f\" data-element_type=\"section\">\n\t\t\t\t\t\t<div class=\"elementor-container elementor-column-gap-default\">\n\t\t\t\t\t<div class=\"elementor-column elementor-col-100 elementor-top-column elementor-element elementor-element-3957b079\" data-id=\"3957b079\" data-element_type=\"column\">\n\t\t\t<div class=\"elementor-widget-wrap elementor-element-populated\">\n\t\t\t\t\t\t<div class=\"elementor-element elementor-element-3aab3312 elementor-widget elementor-widget-html\" data-id=\"3aab3312\" data-element_type=\"widget\" data-widget_type=\"html.default\">\n\t\t\t\t<div class=\"elementor-widget-container\">\n\t\t\t <style>\n     th{\n        width: 45%; \n        text-align: right;\n     }\n <\/style>\n <table>\n  <tr>\n    <th>Einsatznummer:<\/th>\n     <td>332<\/td>\n  <\/tr>\n  <tr>\n    <th>Alarmzeit:<\/th>\n     <td>23.12.2024 19:26 Uhr<\/td>\n  <\/tr>\n  <tr>\n    <th>Einsatzort:<\/th>\n     <td>W\u00f6rgl - Salzburgerstra\u00dfe<\/td>\n  <\/tr>\n  <tr>\n    <th>Einsatztext:<\/th>\n     <td>Brand Fahrzeug<\/td>\n  <\/tr>\n  <tr>\n    <th>Eingesetzte Fahrzeuge:<\/th>\n     <td>KDO, TLFA<\/td>\n  <\/tr>\n   <tr>\n    <th>Weitere Organisationen:<\/th>\n     <td>Rettung, Polizei<\/td>\n  <\/tr>\n<\/table> \t\t<\/div>\n\t\t\t\t<\/div>\n\t\t\t\t\t<\/div>\n\t\t<\/div>\n\t\t\t\t\t<\/div>\n\t\t<\/section>\n\t\t\t\t<section class=\"elementor-section elementor-top-section elementor-element elementor-element-63d0f217 elementor-section-boxed elementor-section-height-default elementor-section-height-default\" data-id=\"63d0f217\" data-element_type=\"section\">\n\t\t\t\t\t\t<div class=\"elementor-container elementor-column-gap-default\">\n\t\t\t\t\t<div class=\"elementor-column elementor-col-100 elementor-top-column elementor-element elementor-element-4613ec21\" data-id=\"4613ec21\" data-element_type=\"column\">\n\t\t\t<div class=\"elementor-widget-wrap elementor-element-populated\">\n\t\t\t\t\t\t<div class=\"elementor-element elementor-element-50c6b367 elementor-widget elementor-widget-text-editor\" data-id=\"50c6b367\" data-element_type=\"widget\" data-widget_type=\"text-editor.default\">\n\t\t\t\t<div class=\"elementor-widget-container\">\n\t\t\t\t\t\t\t<p>Am 23.12.2024 wurde die Feuerwehr W\u00f6rgl zu einem Fahrzeugbrand alarmiert. Bei Eintreffen wurde festgestellt, dass der Brand bereits durch einen Feuerl\u00f6scher gel\u00f6scht wurde. Schlie\u00dflich standen lediglich noch Kontrollarbeiten mittels W\u00e4rmebildkamera an.\u00a0<\/p><p>Im Anschluss konnten die Mitglieder wieder ins Ger\u00e4tehaus einr\u00fccken.<\/p>\t\t\t\t\t\t<\/div>\n\t\t\t\t<\/div>\n\t\t\t\t<div class=\"elementor-element elementor-element-62bbba55 elementor-widget elementor-widget-image-gallery\" data-id=\"62bbba55\" data-element_type=\"widget\" data-widget_type=\"image-gallery.default\">\n\t\t\t\t<div class=\"elementor-widget-container\">\n\t\t\t\t\t<div class=\"elementor-image-gallery\">\n\t\t\t<div id='gallery-1' class='gallery galleryid-10246 gallery-columns-1 gallery-size-medium_large'><figure class='gallery-item'>\n\t\t\t<div class='gallery-icon landscape'>\n\t\t\t\t<a data-elementor-open-lightbox=\"yes\" data-elementor-lightbox-slideshow=\"62bbba55\" data-elementor-lightbox-title=\"PKW-Brand verpixelt\" data-e-action-hash=\"#elementor-action%3Aaction%3Dlightbox%26settings%3DeyJpZCI6MTAyNDksInVybCI6Imh0dHBzOlwvXC9mZi13b2VyZ2wuYXRcL3dwLWNvbnRlbnRcL3VwbG9hZHNcLzIwMjRcLzEyXC9QS1ctQnJhbmQtdmVycGl4ZWx0LmpwZyIsInNsaWRlc2hvdyI6IjYyYmJiYTU1In0%3D\" href='https:\/\/ff-woergl.at\/wp-content\/uploads\/2024\/12\/PKW-Brand-verpixelt.jpg'><img fetchpriority=\"high\" decoding=\"async\" width=\"768\" height=\"576\" src=\"https:\/\/ff-woergl.at\/wp-content\/uploads\/2024\/12\/PKW-Brand-verpixelt-768x576.jpg\" class=\"attachment-medium_large size-medium_large\" alt=\"\" srcset=\"https:\/\/ff-woergl.at\/wp-content\/uploads\/2024\/12\/PKW-Brand-verpixelt-768x576.jpg 768w, https:\/\/ff-woergl.at\/wp-content\/uploads\/2024\/12\/PKW-Brand-verpixelt-300x225.jpg 300w, https:\/\/ff-woergl.at\/wp-content\/uploads\/2024\/12\/PKW-Brand-verpixelt-1024x768.jpg 1024w, https:\/\/ff-woergl.at\/wp-content\/uploads\/2024\/12\/PKW-Brand-verpixelt-1536x1152.jpg 1536w, https:\/\/ff-woergl.at\/wp-content\/uploads\/2024\/12\/PKW-Brand-verpixelt-720x540.jpg 720w, https:\/\/ff-woergl.at\/wp-content\/uploads\/2024\/12\/PKW-Brand-verpixelt.jpg 2016w\" sizes=\"(max-width: 768px) 100vw, 768px\" \/><\/a>\n\t\t\t<\/div><\/figure>\n\t\t<\/div>\n\t\t<\/div>\n\t\t\t\t<\/div>\n\t\t\t\t<\/div>\n\t\t\t\t\t<\/div>\n\t\t<\/div>\n\t\t\t\t\t<\/div>\n\t\t<\/section>\n\t\t\t\t<\/div>\n\t\t","protected":false},"excerpt":{"rendered":"<p>Brand Fahrzeug | Kleinbrand Einsatznummer: 332 Alarmzeit: 23.12.2024 19:26 Uhr Einsatzort: W\u00f6rgl \u2013 Salzburgerstra\u00dfe Einsatztext: Brand Fahrzeug Eingesetzte Fahrzeuge: KDO, [&hellip;]<\/p>\n","protected":false},"author":8,"featured_media":10249,"comment_status":"closed","ping_status":"closed","sticky":false,"template":"","format":"standard","meta":{"footnotes":""},"categories":[80],"tags":[],"class_list":["post-10246","post","type-post","status-publish","format-standard","has-post-thumbnail","hentry","category-einsatzberichte2024","col-lg-4 col-md-6"],"_links":{"self":[{"href":"https:\/\/ff-woergl.at\/index.php\/wp-json\/wp\/v2\/posts\/10246","targetHints":{"allow":["GET"]}}],"collection":[{"href":"https:\/\/ff-woergl.at\/index.php\/wp-json\/wp\/v2\/posts"}],"about":[{"href":"https:\/\/ff-woergl.at\/index.php\/wp-json\/wp\/v2\/types\/post"}],"author":[{"embeddable":true,"href":"https:\/\/ff-woergl.at\/index.php\/wp-json\/wp\/v2\/users\/8"}],"replies":[{"embeddable":true,"href":"https:\/\/ff-woergl.at\/index.php\/wp-json\/wp\/v2\/comments?post=10246"}],"version-history":[{"count":4,"href":"https:\/\/ff-woergl.at\/index.php\/wp-json\/wp\/v2\/posts\/10246\/revisions"}],"predecessor-version":[{"id":10252,"href":"https:\/\/ff-woergl.at\/index.php\/wp-json\/wp\/v2\/posts\/10246\/revisions\/10252"}],"wp:featuredmedia":[{"embeddable":true,"href":"https:\/\/ff-woergl.at\/index.php\/wp-json\/wp\/v2\/media\/10249"}],"wp:attachment":[{"href":"https:\/\/ff-woergl.at\/index.php\/wp-json\/wp\/v2\/media?parent=10246"}],"wp:term":[{"taxonomy":"category","embeddable":true,"href":"https:\/\/ff-woergl.at\/index.php\/wp-json\/wp\/v2\/categories?post=10246"},{"taxonomy":"post_tag","embeddable":true,"href":"https:\/\/ff-woergl.at\/index.php\/wp-json\/wp\/v2\/tags?post=10246"}],"curies":[{"name":"wp","href":"https:\/\/api.w.org\/{rel}","templated":true}]}}